{"id":987,"date":"2018-07-10T08:59:00","date_gmt":"2018-07-10T06:59:00","guid":{"rendered":"http:\/\/www.liberabg.it\/?p=987"},"modified":"2018-07-10T08:59:26","modified_gmt":"2018-07-10T06:59:26","slug":"una-maglietta-rossa","status":"publish","type":"post","link":"https:\/\/www.liberabg.it\/index.php\/2018\/07\/una-maglietta-rossa\/","title":{"rendered":"Una maglietta rossa"},"content":{"rendered":"<p><strong>Una maglietta rossa per fermare l&#8217;emorragia di umanit\u00e0: Bergamo risponde all&#8217;appello<\/strong><\/p>\n<p>Anche Bergamo si mobilita. La giornata di sabato 7 luglio sar\u00e0 un momento importante per la nostra citt\u00e0 e per la nostra provincia. Rispondendo e aderendo all\u2019appello nazionale, vogliamo proporre un momento simbolico per ribadire la necessit\u00e0 di reagire alla situazione attuale: anche a Bergamo, indossiamo una maglietta rossa per fermare l\u2019emorragia di umanit\u00e0 e per spronare politica e istituzioni a un&#8217;accoglienza capace di coniugare sicurezza e solidariet\u00e0.<\/p>\n<p>&nbsp;<\/p>\n<p><em>Francesco Breviario, referente Libera Bergamo<\/em><\/p>\n<p><em>Max Pavan, giornalista<\/em><\/p>\n<p><em>Roberto Mazzetti, presidente Arci Bergamo<\/em><\/p>\n<p><em>Nicola Cremaschi, presidente Legambiente Bergamo<\/em><\/p>\n<p><em>Mauro Magistrati, presidente Anpi<\/em><\/p>\n<p>&nbsp;<\/p>\n<p><strong>L\u2019appello nazionale: Una #magliettarossa per #fermarelemorragia di umanit\u00e0. Sabato 7 luglio indossiamo una maglietta rossa per un\u2019accoglienza capace di coniugare sicurezza e solidariet\u00e0<\/strong><\/p>\n<p>Rosso \u00e8 il colore che ci invita a sostare. Ma c\u2019\u00e8 un altro rosso, oggi, che ancor pi\u00f9 perentoriamente ci chiede di fermarci, di riflettere, e poi d\u2019impegnarci e darci da fare. \u00c8 quello dei vestiti e delle magliette dei bambini che muoiono in mare e che a volte il mare riversa sulle spiagge del Mediterraneo. Di rosso era vestito il piccolo Aylan, tre anni, la cui foto nel settembre 2015 suscit\u00f2 la commozione e l\u2019indignazione di mezzo mondo. Di rosso erano vestiti i tre bambini annegati l\u2019altro giorno davanti alle coste libiche. Di rosso ne verranno vestiti altri dalle madri, nella speranza che, in caso di naufragio, quel colore richiami l\u2019attenzione dei soccorritori.<\/p>\n<p>Muoiono, questi bambini, mentre l\u2019Europa gioca allo scaricabarile con il problema dell\u2019immigrazione \u2013 cio\u00e8 con la vita di migliaia di persone \u2013 e per non affrontarlo in modo politicamente degno arriva a colpevolizzare chi presta soccorsi o chi auspica un\u2019accoglienza capace di coniugare sicurezza e solidariet\u00e0. Bisogna contrastare questa emorragia di umanit\u00e0, questo cinismo dilagante alimentato dagli imprenditori della paura. L\u2019Europa moderna non \u00e8 questa. L\u2019Europa moderna \u00e8 libert\u00e0, uguaglianza, fraternit\u00e0. Fermiamoci allora un giorno, sabato 7 luglio, e indossiamo tutti una maglietta, un indumento rosso, come quei bambini. Perch\u00e9 mettersi nei panni degli altri \u2013 cominciando da quelli dei bambini, che sono patrimonio dell\u2019umanit\u00e0 \u2013 \u00e8 il primo passo per costruire un mondo pi\u00f9 giusto, dove riconoscersi diversi come persone e uguali come cittadini.<\/p>\n<p>&nbsp;<\/p>\n<p><em>don Luigi Ciotti, presidente nazionale Libera e Gruppo Abele<\/em><\/p>\n<p><em>Francesco Viviano, giornalista<\/em><\/p>\n<p><em>Francesca Chiavacci, presidente nazionale Arci<\/em><\/p>\n<p><em>Stefano Ciafani, presidente nazionale Legambiente<\/em><\/p>\n<p><em>Carla Nespolo, presidente nazionale Anpi<\/em><\/p>\n<p>&nbsp;<\/p>\n<p><img fetchpriority=\"high\" decoding=\"async\" class=\"alignnone  wp-image-988\" src=\"http:\/\/www.liberabg.it\/l\/wp-content\/uploads\/2018\/07\/1531004219709-300x300.jpg\" alt=\"\" width=\"501\" height=\"501\" srcset=\"https:\/\/www.liberabg.it\/l\/wp-content\/uploads\/2018\/07\/1531004219709-300x300.jpg 300w, https:\/\/www.liberabg.it\/l\/wp-content\/uploads\/2018\/07\/1531004219709-150x150.jpg 150w, https:\/\/www.liberabg.it\/l\/wp-content\/uploads\/2018\/07\/1531004219709-768x768.jpg 768w, https:\/\/www.liberabg.it\/l\/wp-content\/uploads\/2018\/07\/1531004219709-1024x1024.jpg 1024w, https:\/\/www.liberabg.it\/l\/wp-content\/uploads\/2018\/07\/1531004219709-200x200.jpg 200w, https:\/\/www.liberabg.it\/l\/wp-content\/uploads\/2018\/07\/1531004219709.jpg 1600w\" sizes=\"(max-width: 501px) 100vw, 501px\" \/><\/p>\n","protected":false},"excerpt":{"rendered":"<p>Una maglietta rossa per fermare l&#8217;emorragia di umanit\u00e0: Bergamo risponde all&#8217;appello Anche Bergamo si mobilita. La giornata di sabato 7 luglio sar\u00e0 un momento importante per la nostra citt\u00e0 e per la nostra provincia. Rispondendo e aderendo all\u2019appello nazionale, vogliamo proporre un momento simbolico per ribadire la necessit\u00e0 di reagire &hellip;<\/p>\n","protected":false},"author":4,"featured_media":988,"comment_status":"closed","ping_status":"open","sticky":false,"template":"","format":"standard","meta":{"jetpack_post_was_ever_published":false,"_jetpack_newsletter_access":"","_jetpack_dont_email_post_to_subs":false,"_jetpack_newsletter_tier_id":0,"_jetpack_memberships_contains_paywalled_content":false,"_jetpack_memberships_contains_paid_content":false,"footnotes":"","jetpack_publicize_message":"","jetpack_publicize_feature_enabled":true,"jetpack_social_post_already_shared":true,"jetpack_social_options":{"image_generator_settings":{"template":"highway","default_image_id":0,"font":"","enabled":false},"version":2}},"categories":[14],"tags":[],"class_list":["post-987","post","type-post","status-publish","format-standard","has-post-thumbnail","hentry","category-eventi"],"jetpack_publicize_connections":[],"jetpack_featured_media_url":"https:\/\/www.liberabg.it\/l\/wp-content\/uploads\/2018\/07\/1531004219709.jpg","jetpack_sharing_enabled":true,"jetpack_shortlink":"https:\/\/wp.me\/p7YFQD-fV","_links":{"self":[{"href":"https:\/\/www.liberabg.it\/index.php\/wp-json\/wp\/v2\/posts\/987","targetHints":{"allow":["GET"]}}],"collection":[{"href":"https:\/\/www.liberabg.it\/index.php\/wp-json\/wp\/v2\/posts"}],"about":[{"href":"https:\/\/www.liberabg.it\/index.php\/wp-json\/wp\/v2\/types\/post"}],"author":[{"embeddable":true,"href":"https:\/\/www.liberabg.it\/index.php\/wp-json\/wp\/v2\/users\/4"}],"replies":[{"embeddable":true,"href":"https:\/\/www.liberabg.it\/index.php\/wp-json\/wp\/v2\/comments?post=987"}],"version-history":[{"count":2,"href":"https:\/\/www.liberabg.it\/index.php\/wp-json\/wp\/v2\/posts\/987\/revisions"}],"predecessor-version":[{"id":990,"href":"https:\/\/www.liberabg.it\/index.php\/wp-json\/wp\/v2\/posts\/987\/revisions\/990"}],"wp:featuredmedia":[{"embeddable":true,"href":"https:\/\/www.liberabg.it\/index.php\/wp-json\/wp\/v2\/media\/988"}],"wp:attachment":[{"href":"https:\/\/www.liberabg.it\/index.php\/wp-json\/wp\/v2\/media?parent=987"}],"wp:term":[{"taxonomy":"category","embeddable":true,"href":"https:\/\/www.liberabg.it\/index.php\/wp-json\/wp\/v2\/categories?post=987"},{"taxonomy":"post_tag","embeddable":true,"href":"https:\/\/www.liberabg.it\/index.php\/wp-json\/wp\/v2\/tags?post=987"}],"curies":[{"name":"wp","href":"https:\/\/api.w.org\/{rel}","templated":true}]}}