{"id":6,"date":"2011-09-18T21:00:40","date_gmt":"2011-09-18T19:00:40","guid":{"rendered":"http:\/\/www.liberabg.it\/l\/2011\/09\/we-care\/"},"modified":"2011-09-18T21:00:40","modified_gmt":"2011-09-18T19:00:40","slug":"we-care","status":"publish","type":"post","link":"https:\/\/www.liberabg.it\/index.php\/2011\/09\/we-care\/","title":{"rendered":"WE CARE Scuola di educazione e formazione alla politica"},"content":{"rendered":"<p><span style=\"font-size: 12pt;\"><strong>&nbsp;<\/strong><strong><img fetchpriority=\"high\" decoding=\"async\" class=\" size-full wp-image-5\" style=\"margin: 3px auto; display: block;\" alt=\"scuolawecare\" src=\"http:\/\/www.liberabg.it\/l\/wp-content\/uploads\/2011\/09\/scuolawecare.jpg\" height=\"199\" width=\"560\" srcset=\"https:\/\/www.liberabg.it\/l\/wp-content\/uploads\/2011\/09\/scuolawecare.jpg 560w, https:\/\/www.liberabg.it\/l\/wp-content\/uploads\/2011\/09\/scuolawecare-300x107.jpg 300w\" sizes=\"(max-width: 560px) 100vw, 560px\" \/><\/strong><\/span><\/p>\n<p><strong>Anno di formazione  2011\/12<\/strong><\/p>\n<p> <strong>  <\/p>\n<hr size=\"1\" \/> <\/strong> <\/p>\n<p><strong>Destinatari<br \/><\/strong>La fascia di et\u00e0&nbsp; a cui ci rivolgiamo \u00e8 quella tra i 16  e 24 anni. I giovani hanno curiosit\u00e0&nbsp;, disponibilit\u00e0&nbsp; e talora perfino  &#8220;voglia&#8221; di essere stimolati a ragionare di politica, ma di solito non sono  minimamente aiutati a farlo. Purtroppo &#8220;pagano&#8221; pi\u00f9 di altri l&#8217;assenza di luoghi  di riflessione sulla politica. I programmi televisivi rivolti ad un target  giovanile sono spesso abbruttenti e la classe politica non riesce ad aprire un  canale di dialogo costruttivo con il mondo giovanile.<\/p>\n<p>  <!--more-->  <\/p>\n<p><strong>Modalit\u00e0&nbsp;<br \/><\/strong>Nella scuola sono previste diverse  modalit\u00e0&nbsp; di partecipazione: lezione tradizionale, affidato ad esperti  delle problematiche trattate, momenti seminariali ed interattivi, testimonianze  da parte di persone che associano alla solidit\u00e0&nbsp; del pensiero la forza e la  credibilit\u00e0&nbsp; dell&#8217;esperienza, viaggi verso luoghi significativi per i temi  che si sono trattati. Durante l&#8217;intera durata del percorso i ragazzi saranno  affiancati da alcune figure di riferimento, i &#8220;tutors&#8221;, giovani laureandi o  appena laureati, che svolgeranno un ruolo di guida nei momenti seminariali e di  promotori per una partecipazione attiva. I giovani non sono quindi solo  destinatari, ma anche protagonisti di questa iniziativa formativa.<\/p>\n<p><strong>Finalit\u00e0 <\/strong><br \/>Secondo noi l&#8217;educazione alla  politica costituisce per la nostra comunit\u00e0&nbsp; un&#8217;autentica emergenza culturale e  civile. Scarseggiano luoghi di formazione alla riflessione<br \/>critica, ci sembra  vi sia un&#8217;allarmante povert\u00e0&nbsp; di confronto e partecipazione attorno ai temi  della politica. Lo scarso radicamento territoriale dei partiti e le mancanze dei  sistemi di comunicazione di massa acuiscono il problema. In questa prospettiva,  l&#8217;impegno per la formazione alla politica deve essere considerato come una  priorit\u00e0&nbsp;. Il taglio proposto non \u00e8 di tipo accademico; tuttavia vorrebbe  essere culturalmente elevato, serio, critico. La laicit\u00e0&nbsp; positiva non \u00e8  quella che rinuncia programmaticamente all&#8217;apporto delle identit\u00e0&nbsp; e delle  radici, ma quella che le corresponsabilizza al dialogo paziente ed alla  costruzione del bene comune per la citt\u00e0&nbsp;.<\/p>\n<hr size=\"1\" \/> <strong> <\/p>\n<p><strong>Anno di formazione 2011-2012<\/strong><\/p>\n<p><strong>UNA SOLA TERRA<\/strong><\/p>\n<p>Programma<\/p>\n<p> <\/strong>  <\/p>\n<ul style=\"margin-right: 0px;\" dir=\"ltr\">\n<li><strong>Venerd\u00ec    7.10.2011<br \/><\/strong><strong>Quando l&#8217;ambiente \u00e8    diventato questione pubblica. Le date della presa di coscienza culturale e    politica<br \/>Gianluigi Della Valentina<\/strong> &#8211;    Universit\u00e0&nbsp; di Bergamo<\/li>\n<li><strong>Venerd\u00ec    21.10.2011<br \/><\/strong><strong>Ecologia ed economia, un    falso antagonismo. Un nuovo modello di sviluppo<br \/>Nicola Cremaschi <\/strong>&#8211; Legambiente<\/li>\n<li><strong>Venerd\u00ec    4.11.2011<br \/><\/strong><strong>La crisi climatica: cause,    prospettive e politiche di mitigazione e adattamento<br \/>Edo Ronchi<\/strong> &#8211; presidente della Fondazione per lo    Sviluppo sostenibile, gi\u00e0&nbsp; ministro    dell&#8217;ambiente<\/li>\n<li><strong>Venerd\u00ec    18.11.2011<br \/><\/strong><strong>La questione    energetica<br \/>Marzio Galeotti<\/strong> &#8211; docente    Universit\u00e0&nbsp; Statale di Milano &#8211; Universit\u00e0&nbsp;    Bocconi<\/li>\n<li><strong>Venerd\u00ec    2.12.2011<br \/><\/strong><strong>I valori ambientali del    territorio bergamasco. Cosa \u00e8 successo, quali dinamiche in    corso<br \/>Renato Ferlinghetti<\/strong> &#8211; Centro    Studi territorio Universit\u00e0&nbsp; di Bergamo<\/li>\n<li><strong>Marted\u00ec    17.01.2012<br \/><\/strong><strong>Il territorio bergamasco,    sostenibilit\u00e0&nbsp; sociale e ambientale. Le scelte amministrative<br \/>Fulvio Adobati<\/strong> &#8211; Universit\u00e0&nbsp; di    Bergamo<\/li>\n<li><strong>Marted\u00ec    31.01.2012<br \/><\/strong><strong>Impresa ed    ambiente<br \/>Antonio Candotti<\/strong> &#8211; Gruppo di    Studio per il Bilancio Sociale<\/li>\n<li><strong>Marted\u00ec 14.02.2012<br \/>Per una cittadinanza sostenibile &#8211; Tavola    rotonda fra gruppi ed  associazioni<\/strong><\/li>\n<\/ul>\n<p> <strong>  <\/p>\n<hr size=\"1\" \/>\n<p>Promotori<\/p>\n<p> <\/strong>  <\/p>\n<ul>\n<li>ACLI<\/li>\n<li>AEPER<\/li>\n<li>Commissione  attenzione sociale della Parrocchia di Redona<\/li>\n<li>Coordinamento provinciale di  Libera<\/li>\n<li>Fondazione Serughetti La Porta<\/li>\n<\/ul>\n<p> <strong> <\/p>\n<p>Sede degli incontri<\/p>\n<p> <\/strong> <\/p>\n<p>\u00a0<\/p>\n<p>Sala della Fondazione Serughetti La Porta  &#8211; Viale Papa Giovanni XXIII n.30 &#8211; Bergamo<\/p>\n<p>Secondo modulo (da gennaio a marzo 2011):  Sede da definire &#8211; Bergamo<br \/>Orario delle lezioni: dalle 15.00 alle 17.00<br \/>Quota d&#8217;iscrizione:&nbsp;20 euro<\/p>\n<p><strong>Iscrizioni<\/strong><br \/>presso le Acli di  Bergamo (035 210284) o presso la Fondazione Serughetti La Porta (035\/219230)<\/p>\n<p><strong>WE CARE &#8211; Scuola di  educazione e formazione alla politica <\/strong><br \/> E-mail: <a href=\"mailto:info@scuolawecare.it\">info@scuolawecare.it<\/a> &#8211; Web: <a href=\"http:\/\/www.scuolawecare.it\/\">www.scuolawecare.it<\/a><\/p>\n<p>\u00a0<\/p>\n<hr \/>\n<h2>RASSEGNA STAMPA<\/h2>\n<p>07&nbsp;Ottobre&nbsp;2010 &#8211; L\u2019ECO&nbsp;DI&nbsp;BERGAMO &#8211; <a target=\"_blank\" title=\"We Care - L'eco di Bergamo\" href=\"images\/stories\/RassegnaStampa\/20111007_EcoDiBergamo_WeCare.pdf\"><strong>\u00abOltre lo sdegno La politica ci riguarda\u00bb<\/strong> I giovani iscritti alla scuola di formazione \u00abWe Care\u00bb \u00abDistacco da superare: impegno per il bene comune\u00bb<\/a><\/p>\n<p><\/p>\n","protected":false},"excerpt":{"rendered":"<p>&nbsp; Anno di formazione 2011\/12 DestinatariLa fascia di et\u00e0&nbsp; a cui ci rivolgiamo \u00e8 quella tra i 16 e 24 anni. I giovani hanno curiosit\u00e0&nbsp;, disponibilit\u00e0&nbsp; e talora perfino &#8220;voglia&#8221; di essere stimolati a ragionare di politica, ma di solito non sono minimamente aiutati a farlo. Purtroppo &#8220;pagano&#8221; pi\u00f9 di &hellip;<\/p>\n","protected":false},"author":1,"featured_media":5,"comment_status":"closed","ping_status":"open","sticky":false,"template":"","format":"standard","meta":{"jetpack_post_was_ever_published":false,"_jetpack_newsletter_access":"","_jetpack_dont_email_post_to_subs":false,"_jetpack_newsletter_tier_id":0,"_jetpack_memberships_contains_paywalled_content":false,"_jetpack_memberships_contains_paid_content":false,"footnotes":"","jetpack_publicize_message":"","jetpack_publicize_feature_enabled":true,"jetpack_social_post_already_shared":false,"jetpack_social_options":{"image_generator_settings":{"template":"highway","default_image_id":0,"font":"","enabled":false},"version":2}},"categories":[11],"tags":[],"class_list":["post-6","post","type-post","status-publish","format-standard","has-post-thumbnail","hentry","category-scuola-e-formazione"],"jetpack_publicize_connections":[],"jetpack_featured_media_url":"https:\/\/www.liberabg.it\/l\/wp-content\/uploads\/2011\/09\/scuolawecare.jpg","jetpack_sharing_enabled":true,"jetpack_shortlink":"https:\/\/wp.me\/p7YFQD-6","_links":{"self":[{"href":"https:\/\/www.liberabg.it\/index.php\/wp-json\/wp\/v2\/posts\/6","targetHints":{"allow":["GET"]}}],"collection":[{"href":"https:\/\/www.liberabg.it\/index.php\/wp-json\/wp\/v2\/posts"}],"about":[{"href":"https:\/\/www.liberabg.it\/index.php\/wp-json\/wp\/v2\/types\/post"}],"author":[{"embeddable":true,"href":"https:\/\/www.liberabg.it\/index.php\/wp-json\/wp\/v2\/users\/1"}],"replies":[{"embeddable":true,"href":"https:\/\/www.liberabg.it\/index.php\/wp-json\/wp\/v2\/comments?post=6"}],"version-history":[{"count":0,"href":"https:\/\/www.liberabg.it\/index.php\/wp-json\/wp\/v2\/posts\/6\/revisions"}],"wp:featuredmedia":[{"embeddable":true,"href":"https:\/\/www.liberabg.it\/index.php\/wp-json\/wp\/v2\/media\/5"}],"wp:attachment":[{"href":"https:\/\/www.liberabg.it\/index.php\/wp-json\/wp\/v2\/media?parent=6"}],"wp:term":[{"taxonomy":"category","embeddable":true,"href":"https:\/\/www.liberabg.it\/index.php\/wp-json\/wp\/v2\/categories?post=6"},{"taxonomy":"post_tag","embeddable":true,"href":"https:\/\/www.liberabg.it\/index.php\/wp-json\/wp\/v2\/tags?post=6"}],"curies":[{"name":"wp","href":"https:\/\/api.w.org\/{rel}","templated":true}]}}