{"id":578,"date":"2017-05-27T12:49:38","date_gmt":"2017-05-27T10:49:38","guid":{"rendered":"http:\/\/www.liberabg.it\/?p=578"},"modified":"2017-05-28T16:24:27","modified_gmt":"2017-05-28T14:24:27","slug":"presentazione-dossier-2016-mafie-e-criminalita-organizzata-in-provincia-di-bergamo","status":"publish","type":"post","link":"https:\/\/www.liberabg.it\/index.php\/2017\/05\/presentazione-dossier-2016-mafie-e-criminalita-organizzata-in-provincia-di-bergamo\/","title":{"rendered":"Dossier 2016 &#8220;Mafie e criminalit\u00e0 organizzata in bergamasca&#8221;"},"content":{"rendered":"<p><img fetchpriority=\"high\" decoding=\"async\" class=\"alignnone wp-image-583\" src=\"http:\/\/www.liberabg.it\/l\/wp-content\/uploads\/2017\/05\/relatori-presentazione-dossier-2016-300x180.jpg\" alt=\"\" width=\"350\" height=\"210\" srcset=\"https:\/\/www.liberabg.it\/l\/wp-content\/uploads\/2017\/05\/relatori-presentazione-dossier-2016-300x180.jpg 300w, https:\/\/www.liberabg.it\/l\/wp-content\/uploads\/2017\/05\/relatori-presentazione-dossier-2016-768x461.jpg 768w, https:\/\/www.liberabg.it\/l\/wp-content\/uploads\/2017\/05\/relatori-presentazione-dossier-2016-1024x614.jpg 1024w, https:\/\/www.liberabg.it\/l\/wp-content\/uploads\/2017\/05\/relatori-presentazione-dossier-2016.jpg 1350w\" sizes=\"(max-width: 350px) 100vw, 350px\" \/>\u00a0<img decoding=\"async\" class=\"alignnone wp-image-582\" src=\"http:\/\/www.liberabg.it\/l\/wp-content\/uploads\/2017\/05\/persone-presentazione-dossier-2016-300x225.jpg\" alt=\"\" width=\"280\" height=\"210\" srcset=\"https:\/\/www.liberabg.it\/l\/wp-content\/uploads\/2017\/05\/persone-presentazione-dossier-2016-300x225.jpg 300w, https:\/\/www.liberabg.it\/l\/wp-content\/uploads\/2017\/05\/persone-presentazione-dossier-2016-768x576.jpg 768w, https:\/\/www.liberabg.it\/l\/wp-content\/uploads\/2017\/05\/persone-presentazione-dossier-2016.jpg 960w\" sizes=\"(max-width: 280px) 100vw, 280px\" \/><\/p>\n<p>Il 23 maggio, XXV anniversario della strage di Capaci, presso la sede della Provincia, Libera Bergamo ha presentato l&#8217;aggiornamento 2016 del Dossier sulla presenza delle mafie in bergamasca. Il Dossier \u00e8 stato curato da Luca Bonzanni dell&#8217;Osservatorio della Legalit\u00e0-Coordinamento provinciale Libera BG. Dai dati illustrati risulta immediatamente come nel 2016 gli episodi riconducibili alla presenza delle mafie siano aume<span class=\"text_exposed_show\">ntati in maniera evidente rispetto al 2015. Un grazie a quanti sono intervenuti: cittadine\/i, rappresentanti delle Istituzioni (Prefetto e Questore) e i responsabili delle Forze dell&#8217;ordine (Carabinieri e Guardia di Finanza). Un grazie a chi \u00e8 intervenuto: Luca Bonzanni (presentazione del Dossier), Tarcisio Plebani (Beni confiscati e sequestrati nella bergamasca), Ilaria Sanesi (considerazioni sui dati presentati) e Luigi Guarisco (Referente regionale Libera Lombardia). A me \u00e8 toccata la parte introduttiva sulle motivazioni del lavoro sul Dossier. Grazie Max Pavan per la coordinazione della serata. Infine un grazie per l&#8217;ospitalit\u00e0 al Presidente della Provincia Matteo Rossi e a Gloria Cornolti, sempre della Provincia, per la disponibilit\u00e0 e dedizione nell&#8217;organizzazione dell&#8217;evento. L&#8217;auspicio e l&#8217;augurio, a nome di Libera BG, \u00e8 che l&#8217;evento abbia portato un po&#8217; pi\u00f9 di consapevolezza che le mafie abitano anche il nostro territorio e quindi tutto questo necessit\u00e0 pi\u00f9 attenzione e impegno. Memoria e Impegno.<br \/>\nFrancesco Breviario<br \/>\nReferente coordinamento provinciale di Libera.<\/span><\/p>\n<p><a href=\"http:\/\/www.liberabg.it\/l\/wp-content\/uploads\/2017\/05\/Libera_Bergamo_Dossier_2016.pdf\">Dossier 2016 &#8220;Mafie e criminalit\u00e0 organizzata in provincia di Bergamo&#8221;<\/a><\/p>\n<p><a href=\"http:\/\/www.liberabg.it\/l\/wp-content\/uploads\/2017\/05\/Rassegna-Stampa-LIBERA-Bergamo-24-maggio-2017-.pdf\">Rassegna stampa presentazione dossier 2016<\/a><\/p>\n<p><a href=\"http:\/\/www.liberabg.it\/l\/wp-content\/uploads\/2017\/05\/Bergamo-TV-x-Libera.docx\">Interviste a Bergamo TV<\/a><\/p>\n","protected":false},"excerpt":{"rendered":"<p>\u00a0 Il 23 maggio, XXV anniversario della strage di Capaci, presso la sede della Provincia, Libera Bergamo ha presentato l&#8217;aggiornamento 2016 del Dossier sulla presenza delle mafie in bergamasca. Il Dossier \u00e8 stato curato da Luca Bonzanni dell&#8217;Osservatorio della Legalit\u00e0-Coordinamento provinciale Libera BG. Dai dati illustrati risulta immediatamente come nel &hellip;<\/p>\n","protected":false},"author":4,"featured_media":583,"comment_status":"closed","ping_status":"open","sticky":false,"template":"","format":"standard","meta":{"jetpack_post_was_ever_published":false,"_jetpack_newsletter_access":"","_jetpack_dont_email_post_to_subs":true,"_jetpack_newsletter_tier_id":0,"_jetpack_memberships_contains_paywalled_content":false,"_jetpack_memberships_contains_paid_content":false,"footnotes":"","jetpack_publicize_message":"","jetpack_publicize_feature_enabled":true,"jetpack_social_post_already_shared":true,"jetpack_social_options":{"image_generator_settings":{"template":"highway","default_image_id":0,"font":"","enabled":false},"version":2}},"categories":[4,14,20,9],"tags":[],"class_list":["post-578","post","type-post","status-publish","format-standard","has-post-thumbnail","hentry","category-beni-confiscati","category-eventi","category-osservatorio","category-primo-piano"],"jetpack_publicize_connections":[],"jetpack_featured_media_url":"https:\/\/www.liberabg.it\/l\/wp-content\/uploads\/2017\/05\/relatori-presentazione-dossier-2016.jpg","jetpack_sharing_enabled":true,"jetpack_shortlink":"https:\/\/wp.me\/p7YFQD-9k","_links":{"self":[{"href":"https:\/\/www.liberabg.it\/index.php\/wp-json\/wp\/v2\/posts\/578","targetHints":{"allow":["GET"]}}],"collection":[{"href":"https:\/\/www.liberabg.it\/index.php\/wp-json\/wp\/v2\/posts"}],"about":[{"href":"https:\/\/www.liberabg.it\/index.php\/wp-json\/wp\/v2\/types\/post"}],"author":[{"embeddable":true,"href":"https:\/\/www.liberabg.it\/index.php\/wp-json\/wp\/v2\/users\/4"}],"replies":[{"embeddable":true,"href":"https:\/\/www.liberabg.it\/index.php\/wp-json\/wp\/v2\/comments?post=578"}],"version-history":[{"count":7,"href":"https:\/\/www.liberabg.it\/index.php\/wp-json\/wp\/v2\/posts\/578\/revisions"}],"predecessor-version":[{"id":592,"href":"https:\/\/www.liberabg.it\/index.php\/wp-json\/wp\/v2\/posts\/578\/revisions\/592"}],"wp:featuredmedia":[{"embeddable":true,"href":"https:\/\/www.liberabg.it\/index.php\/wp-json\/wp\/v2\/media\/583"}],"wp:attachment":[{"href":"https:\/\/www.liberabg.it\/index.php\/wp-json\/wp\/v2\/media?parent=578"}],"wp:term":[{"taxonomy":"category","embeddable":true,"href":"https:\/\/www.liberabg.it\/index.php\/wp-json\/wp\/v2\/categories?post=578"},{"taxonomy":"post_tag","embeddable":true,"href":"https:\/\/www.liberabg.it\/index.php\/wp-json\/wp\/v2\/tags?post=578"}],"curies":[{"name":"wp","href":"https:\/\/api.w.org\/{rel}","templated":true}]}}