{"id":248,"date":"2015-01-22T19:55:58","date_gmt":"2015-01-22T18:55:58","guid":{"rendered":"http:\/\/www.liberabg.it\/l\/2015\/01\/la-sfida-della-democrazia-we-care\/"},"modified":"2015-01-22T19:55:58","modified_gmt":"2015-01-22T18:55:58","slug":"la-sfida-della-democrazia-we-care","status":"publish","type":"post","link":"https:\/\/www.liberabg.it\/index.php\/2015\/01\/la-sfida-della-democrazia-we-care\/","title":{"rendered":"La sfida della democrazia &#8211; WE CARE"},"content":{"rendered":"<h1><a target=\"_blank\" title=\"We Care\" href=\"http:\/\/www.liberabg.it\/l\/wp-content\/uploads\/2015\/01\/20150213_WeCare.pdf\"><img fetchpriority=\"high\" decoding=\"async\" class=\" alignleft size-full wp-image-246\" style=\"margin: 4px; float: left;\" alt=\"20150213_WeCare\" height=\"287\" width=\"200\" src=\"http:\/\/www.liberabg.it\/l\/wp-content\/uploads\/2015\/01\/20150213_WeCare.JPG\" srcset=\"https:\/\/www.liberabg.it\/l\/wp-content\/uploads\/2015\/01\/20150213_WeCare.JPG 245w, https:\/\/www.liberabg.it\/l\/wp-content\/uploads\/2015\/01\/20150213_WeCare-209x300.jpg 209w\" sizes=\"(max-width: 200px) 100vw, 200px\" \/><\/a><\/h1>\n<h1>La sfida della democrazia<\/h1>\n<h2>NUOVE LETTURE<\/h2>\n<p><strong>venerd\u00ec 13 febbraio 2015<\/strong><br \/><span style=\"line-height: 1.3em;\"><span style=\"color: #ff0000; font-size: 12pt;\">Democrazia &#8211; lavoro &#8211; mercati<\/span><br \/>Mauro Magatti<\/span><\/p>\n<p><strong>venerd\u00ec 27 febbraio 2015<\/strong><br \/><span style=\"font-size: 12pt; color: #ff0000;\">Crisi e urgenze della democrazia<\/span><br \/>Michele Nicoletti<\/p>\n<p><strong>venerd\u00ec 13 marzo 2015<\/strong><br \/><span style=\"color: #ff0000; font-size: 12pt;\">Democrazia e formazione dell\u2019opinione pubblica<\/span><br \/>Nando Pagnoncelli<\/p>\n<p><strong>venerd\u00ec 27 marzo 2015<\/strong><br \/><span style=\"font-size: 12pt; color: #ff0000;\">La Costituzione repubblicana<\/span><br \/>Valerio Onida<\/p>\n<p><em><strong>c\/o Fondazione Serughetti La Porta viale Papa Giovanni XXIII 30 &#8211; Bergamo dalle ore 20.30 alle 22.15<\/strong><\/em><\/p>\n","protected":false},"excerpt":{"rendered":"<p>La sfida della democrazia NUOVE LETTURE venerd\u00ec 13 febbraio 2015Democrazia &#8211; lavoro &#8211; mercatiMauro Magatti venerd\u00ec 27 febbraio 2015Crisi e urgenze della democraziaMichele Nicoletti venerd\u00ec 13 marzo 2015Democrazia e formazione dell\u2019opinione pubblicaNando Pagnoncelli venerd\u00ec 27 marzo 2015La Costituzione repubblicanaValerio Onida c\/o Fondazione Serughetti La Porta viale Papa Giovanni XXIII 30 &hellip;<\/p>\n","protected":false},"author":1,"featured_media":246,"comment_status":"closed","ping_status":"open","sticky":false,"template":"","format":"standard","meta":{"jetpack_post_was_ever_published":false,"_jetpack_newsletter_access":"","_jetpack_dont_email_post_to_subs":false,"_jetpack_newsletter_tier_id":0,"_jetpack_memberships_contains_paywalled_content":false,"_jetpack_memberships_contains_paid_content":false,"footnotes":"","jetpack_publicize_message":"","jetpack_publicize_feature_enabled":true,"jetpack_social_post_already_shared":false,"jetpack_social_options":{"image_generator_settings":{"template":"highway","default_image_id":0,"font":"","enabled":false},"version":2}},"categories":[11],"tags":[],"class_list":["post-248","post","type-post","status-publish","format-standard","has-post-thumbnail","hentry","category-scuola-e-formazione"],"jetpack_publicize_connections":[],"jetpack_featured_media_url":"https:\/\/www.liberabg.it\/l\/wp-content\/uploads\/2015\/01\/20150213_WeCare.JPG","jetpack_sharing_enabled":true,"jetpack_shortlink":"https:\/\/wp.me\/p7YFQD-40","_links":{"self":[{"href":"https:\/\/www.liberabg.it\/index.php\/wp-json\/wp\/v2\/posts\/248","targetHints":{"allow":["GET"]}}],"collection":[{"href":"https:\/\/www.liberabg.it\/index.php\/wp-json\/wp\/v2\/posts"}],"about":[{"href":"https:\/\/www.liberabg.it\/index.php\/wp-json\/wp\/v2\/types\/post"}],"author":[{"embeddable":true,"href":"https:\/\/www.liberabg.it\/index.php\/wp-json\/wp\/v2\/users\/1"}],"replies":[{"embeddable":true,"href":"https:\/\/www.liberabg.it\/index.php\/wp-json\/wp\/v2\/comments?post=248"}],"version-history":[{"count":0,"href":"https:\/\/www.liberabg.it\/index.php\/wp-json\/wp\/v2\/posts\/248\/revisions"}],"wp:featuredmedia":[{"embeddable":true,"href":"https:\/\/www.liberabg.it\/index.php\/wp-json\/wp\/v2\/media\/246"}],"wp:attachment":[{"href":"https:\/\/www.liberabg.it\/index.php\/wp-json\/wp\/v2\/media?parent=248"}],"wp:term":[{"taxonomy":"category","embeddable":true,"href":"https:\/\/www.liberabg.it\/index.php\/wp-json\/wp\/v2\/categories?post=248"},{"taxonomy":"post_tag","embeddable":true,"href":"https:\/\/www.liberabg.it\/index.php\/wp-json\/wp\/v2\/tags?post=248"}],"curies":[{"name":"wp","href":"https:\/\/api.w.org\/{rel}","templated":true}]}}