{"id":2303,"date":"2024-09-05T18:07:36","date_gmt":"2024-09-05T16:07:36","guid":{"rendered":"https:\/\/www.liberabg.it\/?p=2303"},"modified":"2024-09-05T18:28:01","modified_gmt":"2024-09-05T16:28:01","slug":"scuola-popolare-antimafia-2024-la-nuova-edizione-di-bergamo-posti-disponibili-n-90","status":"publish","type":"post","link":"https:\/\/www.liberabg.it\/index.php\/2024\/09\/scuola-popolare-antimafia-2024-la-nuova-edizione-di-bergamo-posti-disponibili-n-90\/","title":{"rendered":"&#8220;Scuola Popolare #Antimafia 2024, la nuova edizione di #Bergamo: POSTI DISPONIBILI N.90"},"content":{"rendered":"\t\t<div data-elementor-type=\"wp-post\" data-elementor-id=\"2303\" class=\"elementor elementor-2303\">\n\t\t\t\t\t\t<section class=\"elementor-section elementor-top-section elementor-element elementor-element-2118c26 elementor-section-boxed elementor-section-height-default elementor-section-height-default\" data-id=\"2118c26\" data-element_type=\"section\" data-e-type=\"section\">\n\t\t\t\t\t\t<div class=\"elementor-container elementor-column-gap-default\">\n\t\t\t\t\t<div class=\"elementor-column elementor-col-100 elementor-top-column elementor-element elementor-element-f7f0a24\" data-id=\"f7f0a24\" data-element_type=\"column\" data-e-type=\"column\">\n\t\t\t<div class=\"elementor-widget-wrap elementor-element-populated\">\n\t\t\t\t\t\t<div class=\"elementor-element elementor-element-d4a79e2 elementor-widget elementor-widget-heading\" data-id=\"d4a79e2\" data-element_type=\"widget\" data-e-type=\"widget\" data-widget_type=\"heading.default\">\n\t\t\t\t<div class=\"elementor-widget-container\">\n\t\t\t\t\t<h2 class=\"elementor-heading-title elementor-size-default\">La Scuola \u00e8 promossa da un gruppo di professionisti, studenti, ricercatori e collaboratori del professor Nando dalla Chiesa, ed \u00e8 sviluppata con la Cooperativa K-Pax Onlus, con CROSS Osservatorio sulla criminalit\u00e0 organizzata dell'Universit\u00e0 degli Studi di Milano. Il ciclo di incontri ha visto nel 2021 la citt\u00e0 di Brescia come prima sede del progetto pilota.<br><br>\n\nL\u2019obiettivo dell'iniziativa \u00e8 quello di divulgare oltre i confini universitari i contenuti innovativi prodotti in ambito accademico in materia di sociologia e storia della criminalit\u00e0 organizzata. <br>\n\nGli organizzatori dell'edizione 2024 a Bergamo sono #CGIL, #CISL provinciali e #LiBERA Bergamo in collaborazione con il Comune di Bergamo. <br><br>\n\n\ud83d\udc49 Dal 5 settembre e fino al 4 ottobre, sono aperte le iscrizioni (costo 50 euro)<\/h2>\t\t\t\t<\/div>\n\t\t\t\t<\/div>\n\t\t\t\t\t<\/div>\n\t\t<\/div>\n\t\t\t\t\t<\/div>\n\t\t<\/section>\n\t\t\t\t<section class=\"elementor-section elementor-top-section elementor-element elementor-element-cb6bf33 elementor-section-full_width elementor-section-height-default elementor-section-height-default\" data-id=\"cb6bf33\" data-element_type=\"section\" data-e-type=\"section\">\n\t\t\t\t\t\t<div class=\"elementor-container elementor-column-gap-default\">\n\t\t\t\t\t<div class=\"elementor-column elementor-col-100 elementor-top-column elementor-element elementor-element-abb6df0\" data-id=\"abb6df0\" data-element_type=\"column\" data-e-type=\"column\">\n\t\t\t<div class=\"elementor-widget-wrap elementor-element-populated\">\n\t\t\t\t\t\t<div class=\"elementor-element elementor-element-abd3ac6 elementor-align-center elementor-widget elementor-widget-button\" data-id=\"abd3ac6\" data-element_type=\"widget\" data-e-type=\"widget\" data-widget_type=\"button.default\">\n\t\t\t\t<div class=\"elementor-widget-container\">\n\t\t\t\t\t\t\t\t\t<div class=\"elementor-button-wrapper\">\n\t\t\t\t\t<a class=\"elementor-button elementor-button-link elementor-size-sm\" href=\"https:\/\/docs.google.com\/forms\/d\/14XCr4eIz9pV9pWNKYn5Nj5dHLCBZOmNL-tfKvTSZuks\/closedform\" target=\"_blank\">\n\t\t\t\t\t\t<span class=\"elementor-button-content-wrapper\">\n\t\t\t\t\t\t\t\t\t<span class=\"elementor-button-text\">Clicca qui per iscriverti<\/span>\n\t\t\t\t\t<\/span>\n\t\t\t\t\t<\/a>\n\t\t\t\t<\/div>\n\t\t\t\t\t\t\t\t<\/div>\n\t\t\t\t<\/div>\n\t\t\t\t\t<\/div>\n\t\t<\/div>\n\t\t\t\t\t<\/div>\n\t\t<\/section>\n\t\t\t\t<section class=\"elementor-section elementor-top-section elementor-element elementor-element-56126fc elementor-section-boxed elementor-section-height-default elementor-section-height-default\" data-id=\"56126fc\" data-element_type=\"section\" data-e-type=\"section\">\n\t\t\t\t\t\t<div class=\"elementor-container elementor-column-gap-default\">\n\t\t\t\t\t<div class=\"elementor-column elementor-col-100 elementor-top-column elementor-element elementor-element-c2a5d99\" data-id=\"c2a5d99\" data-element_type=\"column\" data-e-type=\"column\">\n\t\t\t<div class=\"elementor-widget-wrap elementor-element-populated\">\n\t\t\t\t\t\t<div class=\"elementor-element elementor-element-c9b8f2b elementor-widget elementor-widget-heading\" data-id=\"c9b8f2b\" data-element_type=\"widget\" data-e-type=\"widget\" data-widget_type=\"heading.default\">\n\t\t\t\t<div class=\"elementor-widget-container\">\n\t\t\t\t\t<h2 class=\"elementor-heading-title elementor-size-default\">Una volta compilato il form, procedere al pagamento e inviare la ricevuta a stefano.zamboni@k-pax.eu).<br><br>\n\n\u26a1Le lezioni si terranno nella sala Ferruccio Galmozzi in via Torquato Tasso n. 4 a Bergamo, dalle 20.30 alle 22.30 seguendo questo calendario:<br><br>\n\n21\/10\/24 | Introduzione e Cosa Nostra\nProf. Nando dalla Chiesa \u2013 Universit\u00e0 degli Studi di Milano<br><br>\n\n28\/10\/24 | Camorra\nFederico Esposito \u2013 Universit\u00e0 di Napoli Federico II<br><br>\n\n04\/11\/24 | 'Ndrangheta\nDott.ssa Federica Cabras - Osservatorio CROSS<br><br>\n\n11\/11\/24 | Altre organizzazioni mafiose\nIlaria Meli \u2013 Sapienza Universit\u00e0 di Roma<br><br>\n\n18\/11\/24 | Il contesto bergamasco\nLuca Bonzanni - Giornalista, Osservatorio mafie BG, Libera.\nProcura di Bergamo (da confermare)<br><br>\n\n25\/11\/24 | Legislazione antimafia e beni confiscati\nProf.ssa Stefania Pellegrini \u2013 Universit\u00e0 degli Studi di Bologna<br><br>\n\n09\/12\/24 | Mafie e social\nProf. Marcello Ravveduto - Universit\u00e0 degli Studi Salerno<br><br>\n\nIl 4 settembre, c\/o il Comune di Bergamo, si \u00e8 tenuta la conferenza stampa di presentazione della II^edizione della Scuola Popolare Antimafia alla quale hanno partecipato: Marzia Marchesi, Assessora al Comune di Bergamo, Francesco Breviario, Referente provinciale LiBERA Bergamo, Luciana Fratus, Segretaria generale FILLEA CGIL Bergamo e Candida Sonzogni, Segretaria Confederale CISL Bergamo.\n<\/h2>\t\t\t\t<\/div>\n\t\t\t\t<\/div>\n\t\t\t\t\t<\/div>\n\t\t<\/div>\n\t\t\t\t\t<\/div>\n\t\t<\/section>\n\t\t\t\t<section class=\"elementor-section elementor-top-section elementor-element elementor-element-f7a645a elementor-section-boxed elementor-section-height-default elementor-section-height-default\" data-id=\"f7a645a\" data-element_type=\"section\" data-e-type=\"section\">\n\t\t\t\t\t\t<div class=\"elementor-container elementor-column-gap-default\">\n\t\t\t\t\t<div class=\"elementor-column elementor-col-100 elementor-top-column elementor-element elementor-element-a12ec37\" data-id=\"a12ec37\" data-element_type=\"column\" data-e-type=\"column\">\n\t\t\t<div class=\"elementor-widget-wrap elementor-element-populated\">\n\t\t\t\t\t\t<div class=\"elementor-element elementor-element-a7c670f elementor-widget elementor-widget-image\" data-id=\"a7c670f\" data-element_type=\"widget\" data-e-type=\"widget\" data-widget_type=\"image.default\">\n\t\t\t\t<div class=\"elementor-widget-container\">\n\t\t\t\t\t\t\t\t\t\t\t\t\t\t\t<img fetchpriority=\"high\" decoding=\"async\" width=\"680\" height=\"408\" src=\"https:\/\/www.liberabg.it\/l\/wp-content\/uploads\/2024\/09\/scuola-popolare-antimafia.jpeg\" class=\"attachment-large size-large wp-image-2305\" alt=\"\" srcset=\"https:\/\/www.liberabg.it\/l\/wp-content\/uploads\/2024\/09\/scuola-popolare-antimafia.jpeg 680w, https:\/\/www.liberabg.it\/l\/wp-content\/uploads\/2024\/09\/scuola-popolare-antimafia-300x180.jpeg 300w, https:\/\/www.liberabg.it\/l\/wp-content\/uploads\/2024\/09\/scuola-popolare-antimafia-333x200.jpeg 333w\" sizes=\"(max-width: 680px) 100vw, 680px\" \/>\t\t\t\t\t\t\t\t\t\t\t\t\t\t\t<\/div>\n\t\t\t\t<\/div>\n\t\t\t\t\t<\/div>\n\t\t<\/div>\n\t\t\t\t\t<\/div>\n\t\t<\/section>\n\t\t\t\t<\/div>\n\t\t","protected":false},"excerpt":{"rendered":"","protected":false},"author":7,"featured_media":2308,"comment_status":"closed","ping_status":"open","sticky":false,"template":"","format":"standard","meta":{"jetpack_post_was_ever_published":false,"_jetpack_newsletter_access":"","_jetpack_dont_email_post_to_subs":false,"_jetpack_newsletter_tier_id":0,"_jetpack_memberships_contains_paywalled_content":false,"_jetpack_memberships_contains_paid_content":false,"footnotes":"","jetpack_publicize_message":"","jetpack_publicize_feature_enabled":true,"jetpack_social_post_already_shared":true,"jetpack_social_options":{"image_generator_settings":{"template":"highway","default_image_id":0,"font":"","enabled":false},"version":2}},"categories":[14,11],"tags":[],"class_list":["post-2303","post","type-post","status-publish","format-standard","has-post-thumbnail","hentry","category-eventi","category-scuola-e-formazione"],"jetpack_publicize_connections":[],"jetpack_featured_media_url":"https:\/\/www.liberabg.it\/l\/wp-content\/uploads\/2024\/09\/scuola-popolare-antimafia-1-e1725553126821.jpeg","jetpack_sharing_enabled":true,"jetpack_shortlink":"https:\/\/wp.me\/p7YFQD-B9","_links":{"self":[{"href":"https:\/\/www.liberabg.it\/index.php\/wp-json\/wp\/v2\/posts\/2303","targetHints":{"allow":["GET"]}}],"collection":[{"href":"https:\/\/www.liberabg.it\/index.php\/wp-json\/wp\/v2\/posts"}],"about":[{"href":"https:\/\/www.liberabg.it\/index.php\/wp-json\/wp\/v2\/types\/post"}],"author":[{"embeddable":true,"href":"https:\/\/www.liberabg.it\/index.php\/wp-json\/wp\/v2\/users\/7"}],"replies":[{"embeddable":true,"href":"https:\/\/www.liberabg.it\/index.php\/wp-json\/wp\/v2\/comments?post=2303"}],"version-history":[{"count":19,"href":"https:\/\/www.liberabg.it\/index.php\/wp-json\/wp\/v2\/posts\/2303\/revisions"}],"predecessor-version":[{"id":2324,"href":"https:\/\/www.liberabg.it\/index.php\/wp-json\/wp\/v2\/posts\/2303\/revisions\/2324"}],"wp:featuredmedia":[{"embeddable":true,"href":"https:\/\/www.liberabg.it\/index.php\/wp-json\/wp\/v2\/media\/2308"}],"wp:attachment":[{"href":"https:\/\/www.liberabg.it\/index.php\/wp-json\/wp\/v2\/media?parent=2303"}],"wp:term":[{"taxonomy":"category","embeddable":true,"href":"https:\/\/www.liberabg.it\/index.php\/wp-json\/wp\/v2\/categories?post=2303"},{"taxonomy":"post_tag","embeddable":true,"href":"https:\/\/www.liberabg.it\/index.php\/wp-json\/wp\/v2\/tags?post=2303"}],"curies":[{"name":"wp","href":"https:\/\/api.w.org\/{rel}","templated":true}]}}