{"id":20,"date":"2011-11-29T22:22:39","date_gmt":"2011-11-29T21:22:39","guid":{"rendered":"http:\/\/www.liberabg.it\/l\/2011\/11\/ndrangheta-in-lombardia-la-fine-diqinfinitoq\/"},"modified":"2011-11-29T22:22:39","modified_gmt":"2011-11-29T21:22:39","slug":"ndrangheta-in-lombardia-la-fine-diqinfinitoq","status":"publish","type":"post","link":"https:\/\/www.liberabg.it\/index.php\/2011\/11\/ndrangheta-in-lombardia-la-fine-diqinfinitoq\/","title":{"rendered":"&#8216;Ndrangheta in Lombardia, la fine di&#8221;Infinito&#8221;"},"content":{"rendered":"<p style=\"text-align: right;\"><strong>Milano, 20.11.2011 | <span class=\"style1\">di Lorenzo Frigerio<\/span><\/strong><\/p>\n<h1>Al termine del rito abbreviato, carcere per 110 affiliati<\/h1>\n<p>E ora chi potr\u00e0 spiegare ai capi e ai gregari delle locali lombarde di  \u2018ndrangheta che la condanna pronunciata ieri sera non permetter\u00e0 loro di  uscire dalle patrie galere per un buon numero di anni? Ma soprattutto  chi potr\u00e0 spiegare all\u2019opinione pubblica che la \u2018ndrangheta in Lombardia  \u00e8 un fenomeno di gran lunga ben pi\u00f9 radicato di quanto gli allarmi  sulle possibili infiltrazioni criminali, in vista di Expo 2015,  lasciassero presagire? Forse ci penseranno gli uomini politici che per  tanti anni hanno giocato a rimpiattino, oscillando tra negazionismo e  allarmismo? Forse saranno gli industriali e gli amministratori delegati  delle grandi aziende a colmare questo vuoto di consapevolezza, coltivato  per malinteso senso di responsabilit\u00e0 e alimentato per calcolo e  interesse? O forse troveranno le parole giuste quanti erano pi\u00f9  preoccupati del buon nome della citt\u00e0 e della regione, motori economici  dell\u2019intero Paese e per questa ragione impermeabili, quasi per  definizione, ad ogni contaminazione di tipo mafioso?<\/p>\n<p><a target=\"_blank\" title=\"'Ndrangheta in Lombardia, la fine di&quot;Infinito&quot;\" href=\"http:\/\/www.liberainformazione.org\/news.php?newsid=16090\">&#8230;CONTINUA A LEGGERE SU www.liberainformazione.org<\/a><\/p>\n","protected":false},"excerpt":{"rendered":"<p>Milano, 20.11.2011 | di Lorenzo Frigerio Al termine del rito abbreviato, carcere per 110 affiliati E ora chi potr\u00e0 spiegare ai capi e ai gregari delle locali lombarde di \u2018ndrangheta che la condanna pronunciata ieri sera non permetter\u00e0 loro di uscire dalle patrie galere per un buon numero di anni? &hellip;<\/p>\n","protected":false},"author":1,"featured_media":0,"comment_status":"closed","ping_status":"open","sticky":false,"template":"","format":"standard","meta":{"jetpack_post_was_ever_published":false,"_jetpack_newsletter_access":"","_jetpack_dont_email_post_to_subs":false,"_jetpack_newsletter_tier_id":0,"_jetpack_memberships_contains_paywalled_content":false,"_jetpack_memberships_contains_paid_content":false,"footnotes":"","jetpack_publicize_message":"","jetpack_publicize_feature_enabled":true,"jetpack_social_post_already_shared":false,"jetpack_social_options":{"image_generator_settings":{"template":"highway","default_image_id":0,"font":"","enabled":false},"version":2}},"categories":[13],"tags":[],"class_list":["post-20","post","type-post","status-publish","format-standard","hentry","category-libera-informazione"],"jetpack_publicize_connections":[],"jetpack_featured_media_url":"","jetpack_sharing_enabled":true,"jetpack_shortlink":"https:\/\/wp.me\/p7YFQD-k","_links":{"self":[{"href":"https:\/\/www.liberabg.it\/index.php\/wp-json\/wp\/v2\/posts\/20","targetHints":{"allow":["GET"]}}],"collection":[{"href":"https:\/\/www.liberabg.it\/index.php\/wp-json\/wp\/v2\/posts"}],"about":[{"href":"https:\/\/www.liberabg.it\/index.php\/wp-json\/wp\/v2\/types\/post"}],"author":[{"embeddable":true,"href":"https:\/\/www.liberabg.it\/index.php\/wp-json\/wp\/v2\/users\/1"}],"replies":[{"embeddable":true,"href":"https:\/\/www.liberabg.it\/index.php\/wp-json\/wp\/v2\/comments?post=20"}],"version-history":[{"count":0,"href":"https:\/\/www.liberabg.it\/index.php\/wp-json\/wp\/v2\/posts\/20\/revisions"}],"wp:attachment":[{"href":"https:\/\/www.liberabg.it\/index.php\/wp-json\/wp\/v2\/media?parent=20"}],"wp:term":[{"taxonomy":"category","embeddable":true,"href":"https:\/\/www.liberabg.it\/index.php\/wp-json\/wp\/v2\/categories?post=20"},{"taxonomy":"post_tag","embeddable":true,"href":"https:\/\/www.liberabg.it\/index.php\/wp-json\/wp\/v2\/tags?post=20"}],"curies":[{"name":"wp","href":"https:\/\/api.w.org\/{rel}","templated":true}]}}