{"id":190,"date":"2014-01-09T20:53:47","date_gmt":"2014-01-09T19:53:47","guid":{"rendered":"http:\/\/www.liberabg.it\/l\/2014\/01\/per-educarci-ed-educare-alla-legalita\/"},"modified":"2014-01-09T20:53:47","modified_gmt":"2014-01-09T19:53:47","slug":"per-educarci-ed-educare-alla-legalita","status":"publish","type":"post","link":"https:\/\/www.liberabg.it\/index.php\/2014\/01\/per-educarci-ed-educare-alla-legalita\/","title":{"rendered":"PER EDUCARCI ED EDUCARE ALLA LEGALITA&#8217;"},"content":{"rendered":"<p><a title=\"PER_EDUCARCI_ED_EDUCARE_ALLA_LEGALITA'\" href=\"http:\/\/www.liberabg.it\/l\/wp-content\/uploads\/2014\/01\/PER_EDUCARCI_ED_EDUCARE_ALLA_LEGALITA.pdf\"><img decoding=\"async\" class=\" alignleft size-full wp-image-187\" style=\"margin: 3px 7px 2px 3px; float: left;\" alt=\"SulFilo\" src=\"http:\/\/www.liberabg.it\/l\/wp-content\/uploads\/2014\/01\/SulFilo.jpg\" height=\"151\" width=\"201\" \/><\/a> <\/p>\n<h1 style=\"text-align: center;\"><span style=\"color: #800000;\">PER EDUCARCI ED EDUCARE ALLA LEGALITA&#8217;<\/span><span style=\"font-size: 12pt; font-family: &quot;Verdana&quot;,&quot;sans-serif&quot;;\"><\/span><\/h1>\n<h2 style=\"text-align: center;\"><span style=\"font-size: 12pt; font-family: &quot;Verdana&quot;,&quot;sans-serif&quot;;\">Percorso di formazione.<br \/>Bergamo, gennaio \u2013 aprile 2014<\/span><\/h2>\n<p>Questa proposta formativa nasce da una duplice esigenza: da una parte quella di proporre percorsi formativi aggiornati e quindi adeguati alle richieste di coloro che fanno gi\u00e0 info-formazione sui territori e dall&#8217;altra la necessit\u00e0 di offrire la possibilit\u00e0 di preparare nuovi formatori.<\/p>\n<p>Questo percorso si propone di &#8216;coltivare&#8217;<strong> i seguenti obiettivi:<\/strong><br \/>&#8211; <strong>REALIZZARE <\/strong>una proposta capace di provocare la progettazione di &#8216;percorsi formativi&#8217; che s&#8217;inseriscano in modo strutturato&nbsp; nel tessuto scolastico e sociale;<br \/>&#8211; <strong>COMPRENDERE <\/strong>i modi di pensare e i comportamenti che sostengono una cultura mafiosa e CONDIVIDERE le &#8216;buone prassi&#8217; antimafiose;<br \/>&#8211; <strong>STIMOLARE <\/strong>cambiamenti nello stile di vita personale e sociale;<br \/>&#8211; <strong>VALORIZZARE <\/strong>una serie di collaborazioni con enti presenti sul territorio per coinvolgere pi\u00f9 interlocutori possibili sui temi dell&#8217;educazione alla legalit\u00e0 e alla giustizia;<br \/>&#8211; <strong>OTTIMIZZARE <\/strong>al meglio risorse e disponibilit\u00e0 nell\u2019ottica di una formazione regionale di&nbsp; Libera Lombardia.<\/p>\n<p style=\"text-align: center;\"><a target=\"_blank\" title=\"Programma del corso di Formazione\" href=\"http:\/\/www.liberabg.it\/l\/wp-content\/uploads\/2014\/01\/PER_EDUCARCI_ED_EDUCARE_ALLA_LEGALITA.pdf\"><strong>&nbsp;&#8211; Per maggiori dettagli scarica il PROGRAMMA del Corso- <\/strong><\/a><\/p>\n<p><strong>Il percorso si rivolge a:<\/strong><br \/>* Formatori, educatori, animatori, studenti universitari <br \/>* Docenti, insegnanti a cui spetta il versante formale della educazione alla legalit\u00e0 ma che avvertono una crescente difficolt\u00e0 a penetrare il mondo valoriale e normativo degli adolescenti\/giovani<br \/>* Volontari gi\u00e0 coinvolti in processi formativi o con esperienze di animazione<\/p>\n<p><strong>Le iscrizioni devono pervenire entro il 22 gennaio 2014<\/strong> a: <a href=\"mailto:lombardia@libera.it\">lombardia@libera.it<\/a> inviando la <strong><a target=\"_blank\" title=\"Scheda di Iscrizione\" href=\"http:\/\/www.liberabg.it\/l\/wp-content\/uploads\/2014\/01\/schedaiscrizione.doc\">scheda di iscrizione<\/a>.<\/strong><br \/>Per informazioni: 02\/7723210 &#8211; Costo: euro 15,00 &#8211; Ai partecipanti verr\u00e0 rilasciato attestato di partecipazione.<\/p>\n","protected":false},"excerpt":{"rendered":"<p>PER EDUCARCI ED EDUCARE ALLA LEGALITA&#8217; Percorso di formazione.Bergamo, gennaio \u2013 aprile 2014 Questa proposta formativa nasce da una duplice esigenza: da una parte quella di proporre percorsi formativi aggiornati e quindi adeguati alle richieste di coloro che fanno gi\u00e0 info-formazione sui territori e dall&#8217;altra la necessit\u00e0 di offrire la &hellip;<\/p>\n","protected":false},"author":1,"featured_media":187,"comment_status":"closed","ping_status":"open","sticky":false,"template":"","format":"standard","meta":{"jetpack_post_was_ever_published":false,"_jetpack_newsletter_access":"","_jetpack_dont_email_post_to_subs":false,"_jetpack_newsletter_tier_id":0,"_jetpack_memberships_contains_paywalled_content":false,"_jetpack_memberships_contains_paid_content":false,"footnotes":"","jetpack_publicize_message":"","jetpack_publicize_feature_enabled":true,"jetpack_social_post_already_shared":false,"jetpack_social_options":{"image_generator_settings":{"template":"highway","default_image_id":0,"font":"","enabled":false},"version":2}},"categories":[11],"tags":[],"class_list":["post-190","post","type-post","status-publish","format-standard","has-post-thumbnail","hentry","category-scuola-e-formazione"],"jetpack_publicize_connections":[],"jetpack_featured_media_url":"https:\/\/www.liberabg.it\/l\/wp-content\/uploads\/2014\/01\/SulFilo.jpg","jetpack_sharing_enabled":true,"jetpack_shortlink":"https:\/\/wp.me\/p7YFQD-34","_links":{"self":[{"href":"https:\/\/www.liberabg.it\/index.php\/wp-json\/wp\/v2\/posts\/190","targetHints":{"allow":["GET"]}}],"collection":[{"href":"https:\/\/www.liberabg.it\/index.php\/wp-json\/wp\/v2\/posts"}],"about":[{"href":"https:\/\/www.liberabg.it\/index.php\/wp-json\/wp\/v2\/types\/post"}],"author":[{"embeddable":true,"href":"https:\/\/www.liberabg.it\/index.php\/wp-json\/wp\/v2\/users\/1"}],"replies":[{"embeddable":true,"href":"https:\/\/www.liberabg.it\/index.php\/wp-json\/wp\/v2\/comments?post=190"}],"version-history":[{"count":0,"href":"https:\/\/www.liberabg.it\/index.php\/wp-json\/wp\/v2\/posts\/190\/revisions"}],"wp:featuredmedia":[{"embeddable":true,"href":"https:\/\/www.liberabg.it\/index.php\/wp-json\/wp\/v2\/media\/187"}],"wp:attachment":[{"href":"https:\/\/www.liberabg.it\/index.php\/wp-json\/wp\/v2\/media?parent=190"}],"wp:term":[{"taxonomy":"category","embeddable":true,"href":"https:\/\/www.liberabg.it\/index.php\/wp-json\/wp\/v2\/categories?post=190"},{"taxonomy":"post_tag","embeddable":true,"href":"https:\/\/www.liberabg.it\/index.php\/wp-json\/wp\/v2\/tags?post=190"}],"curies":[{"name":"wp","href":"https:\/\/api.w.org\/{rel}","templated":true}]}}