{"id":161,"date":"2013-10-22T21:20:00","date_gmt":"2013-10-22T19:20:00","guid":{"rendered":"http:\/\/www.liberabg.it\/l\/2013\/10\/non-possiamo-lasciare-il-debito-ai-nostri-figli-di-rocco-artifoni\/"},"modified":"2013-10-22T21:20:00","modified_gmt":"2013-10-22T19:20:00","slug":"non-possiamo-lasciare-il-debito-ai-nostri-figli-di-rocco-artifoni","status":"publish","type":"post","link":"https:\/\/www.liberabg.it\/index.php\/2013\/10\/non-possiamo-lasciare-il-debito-ai-nostri-figli-di-rocco-artifoni\/","title":{"rendered":"Non possiamo lasciare il debito ai nostri figli | di Rocco Artifoni"},"content":{"rendered":"<p style=\"text-align: right;\"><strong>Bergamo,&nbsp; 26 Settembre 2013 | di Rocco Artifoni<\/strong><\/p>\n<h1 class=\"title\">Non possiamo lasciare il debito ai nostri figli<\/h1>\n<p>Sono trascorsi 20 anni, ma la situazione non \u00e8 molto cambiata.  Il 26 settembre del 1992 Luciano Corradini, professore di pedagogia  all\u2019Universit\u00e0 di Roma e vicepresidente del Consiglio nazionale della  pubblica istruzione, si reca in un ufficio postale e versa 500 mila lire  come \u201ccontributo volontario al risanamento del bilancio dello Stato\u201d  italiano. Quello stesso giorno scrive a Giuliano Amato, presidente del  Consiglio dei Ministri: \u201cho deciso di versare mensilmente all\u2019erario 500  mila lire, oltre ovviamente a ci\u00f2 che debbo in quanto cittadino, finch\u00e9  perdureranno le attuali difficolt\u00e0 dell\u2019Italia\u201d. E in effetti in quel  periodo il nostro Paese era \u201csull\u2019orlo del baratro, cio\u00e8 della  bancarotta.<\/p>\n<p><a target=\"_blank\" href=\"http:\/\/www.liberainformazione.org\/2012\/09\/26\/non-possiamo-lasciare-il-debito-ai-nostri-figli\/\">[CONTINUA A LEGGERE su liberainformazione.org]<\/a><\/p>\n","protected":false},"excerpt":{"rendered":"<p>Bergamo,&nbsp; 26 Settembre 2013 | di Rocco Artifoni Non possiamo lasciare il debito ai nostri figli Sono trascorsi 20 anni, ma la situazione non \u00e8 molto cambiata. Il 26 settembre del 1992 Luciano Corradini, professore di pedagogia all\u2019Universit\u00e0 di Roma e vicepresidente del Consiglio nazionale della pubblica istruzione, si reca &hellip;<\/p>\n","protected":false},"author":1,"featured_media":0,"comment_status":"closed","ping_status":"open","sticky":false,"template":"","format":"standard","meta":{"jetpack_post_was_ever_published":false,"_jetpack_newsletter_access":"","_jetpack_dont_email_post_to_subs":false,"_jetpack_newsletter_tier_id":0,"_jetpack_memberships_contains_paywalled_content":false,"_jetpack_memberships_contains_paid_content":false,"footnotes":"","jetpack_publicize_message":"","jetpack_publicize_feature_enabled":true,"jetpack_social_post_already_shared":false,"jetpack_social_options":{"image_generator_settings":{"template":"highway","default_image_id":0,"font":"","enabled":false},"version":2}},"categories":[18],"tags":[],"class_list":["post-161","post","type-post","status-publish","format-standard","hentry","category-scripta-libera"],"jetpack_publicize_connections":[],"jetpack_featured_media_url":"","jetpack_sharing_enabled":true,"jetpack_shortlink":"https:\/\/wp.me\/p7YFQD-2B","_links":{"self":[{"href":"https:\/\/www.liberabg.it\/index.php\/wp-json\/wp\/v2\/posts\/161","targetHints":{"allow":["GET"]}}],"collection":[{"href":"https:\/\/www.liberabg.it\/index.php\/wp-json\/wp\/v2\/posts"}],"about":[{"href":"https:\/\/www.liberabg.it\/index.php\/wp-json\/wp\/v2\/types\/post"}],"author":[{"embeddable":true,"href":"https:\/\/www.liberabg.it\/index.php\/wp-json\/wp\/v2\/users\/1"}],"replies":[{"embeddable":true,"href":"https:\/\/www.liberabg.it\/index.php\/wp-json\/wp\/v2\/comments?post=161"}],"version-history":[{"count":0,"href":"https:\/\/www.liberabg.it\/index.php\/wp-json\/wp\/v2\/posts\/161\/revisions"}],"wp:attachment":[{"href":"https:\/\/www.liberabg.it\/index.php\/wp-json\/wp\/v2\/media?parent=161"}],"wp:term":[{"taxonomy":"category","embeddable":true,"href":"https:\/\/www.liberabg.it\/index.php\/wp-json\/wp\/v2\/categories?post=161"},{"taxonomy":"post_tag","embeddable":true,"href":"https:\/\/www.liberabg.it\/index.php\/wp-json\/wp\/v2\/tags?post=161"}],"curies":[{"name":"wp","href":"https:\/\/api.w.org\/{rel}","templated":true}]}}