{"id":1480,"date":"2022-03-07T11:48:24","date_gmt":"2022-03-07T10:48:24","guid":{"rendered":"http:\/\/www.liberabg.it\/?p=1480"},"modified":"2022-03-07T11:58:33","modified_gmt":"2022-03-07T10:58:33","slug":"tra-legalita-e-illegalita","status":"publish","type":"post","link":"https:\/\/www.liberabg.it\/index.php\/2022\/03\/tra-legalita-e-illegalita\/","title":{"rendered":"Tra legalit\u00e0 e illegalit\u00e0"},"content":{"rendered":"\t\t<div data-elementor-type=\"wp-post\" data-elementor-id=\"1480\" class=\"elementor elementor-1480\">\n\t\t\t\t\t\t<section class=\"elementor-section elementor-top-section elementor-element elementor-element-59bbee6 elementor-section-boxed elementor-section-height-default elementor-section-height-default\" data-id=\"59bbee6\" data-element_type=\"section\" data-e-type=\"section\">\n\t\t\t\t\t\t<div class=\"elementor-container elementor-column-gap-default\">\n\t\t\t\t\t<div class=\"elementor-column elementor-col-100 elementor-top-column elementor-element elementor-element-cdbf357\" data-id=\"cdbf357\" data-element_type=\"column\" data-e-type=\"column\">\n\t\t\t<div class=\"elementor-widget-wrap elementor-element-populated\">\n\t\t\t\t\t\t<div class=\"elementor-element elementor-element-100eab0 elementor-widget elementor-widget-text-editor\" data-id=\"100eab0\" data-element_type=\"widget\" data-e-type=\"widget\" data-widget_type=\"text-editor.default\">\n\t\t\t\t<div class=\"elementor-widget-container\">\n\t\t\t\t\t\t\t\t\t<p><strong>Riflessioni sull&#8217;evoluzione del fenomeno della criminalit\u00e0 ambientale in Italia<\/strong><\/p>\t\t\t\t\t\t\t\t<\/div>\n\t\t\t\t<\/div>\n\t\t\t\t<div class=\"elementor-element elementor-element-cf9dbbf elementor-widget elementor-widget-text-editor\" data-id=\"cf9dbbf\" data-element_type=\"widget\" data-e-type=\"widget\" data-widget_type=\"text-editor.default\">\n\t\t\t\t<div class=\"elementor-widget-container\">\n\t\t\t\t\t\t\t\t\t<p><strong>Luned\u00ec 7 marzo ore 20.45 &#8211; Oratorio S. Giuseppe, viale Natale Betelli, 3, Dalmine<\/strong><\/p>\t\t\t\t\t\t\t\t<\/div>\n\t\t\t\t<\/div>\n\t\t\t\t<div class=\"elementor-element elementor-element-e76051f elementor-widget elementor-widget-text-editor\" data-id=\"e76051f\" data-element_type=\"widget\" data-e-type=\"widget\" data-widget_type=\"text-editor.default\">\n\t\t\t\t<div class=\"elementor-widget-container\">\n\t\t\t\t\t\t\t\t\t<p>Incontro con <strong>Sergio Cannav\u00f2<\/strong>, avvocato, responsabile ambiente e legalit\u00e0 &#8211; Legambiente Lombardia e <strong>Luca Bonzanni<\/strong>, giornalista, responsabile Libera Bergamo dossier presenze mafie\u00a0<\/p>\t\t\t\t\t\t\t\t<\/div>\n\t\t\t\t<\/div>\n\t\t\t\t\t<\/div>\n\t\t<\/div>\n\t\t\t\t\t<\/div>\n\t\t<\/section>\n\t\t\t\t<section class=\"elementor-section elementor-top-section elementor-element elementor-element-23987e8 elementor-section-boxed elementor-section-height-default elementor-section-height-default\" data-id=\"23987e8\" data-element_type=\"section\" data-e-type=\"section\">\n\t\t\t\t\t\t<div class=\"elementor-container elementor-column-gap-default\">\n\t\t\t\t\t<div class=\"elementor-column elementor-col-100 elementor-top-column elementor-element elementor-element-804951c\" data-id=\"804951c\" data-element_type=\"column\" data-e-type=\"column\">\n\t\t\t<div class=\"elementor-widget-wrap elementor-element-populated\">\n\t\t\t\t\t\t<div class=\"elementor-element elementor-element-ba67463 elementor-widget elementor-widget-image\" data-id=\"ba67463\" data-element_type=\"widget\" data-e-type=\"widget\" data-widget_type=\"image.default\">\n\t\t\t\t<div class=\"elementor-widget-container\">\n\t\t\t\t\t\t\t\t\t\t\t\t\t\t\t<img fetchpriority=\"high\" decoding=\"async\" width=\"548\" height=\"775\" src=\"https:\/\/www.liberabg.it\/l\/wp-content\/uploads\/2022\/03\/7-marzo-724x1024.jpeg\" class=\"attachment-large size-large wp-image-1483\" alt=\"\" srcset=\"https:\/\/www.liberabg.it\/l\/wp-content\/uploads\/2022\/03\/7-marzo-724x1024.jpeg 724w, https:\/\/www.liberabg.it\/l\/wp-content\/uploads\/2022\/03\/7-marzo-212x300.jpeg 212w, https:\/\/www.liberabg.it\/l\/wp-content\/uploads\/2022\/03\/7-marzo-768x1087.jpeg 768w, https:\/\/www.liberabg.it\/l\/wp-content\/uploads\/2022\/03\/7-marzo-141x200.jpeg 141w, https:\/\/www.liberabg.it\/l\/wp-content\/uploads\/2022\/03\/7-marzo.jpeg 1080w\" sizes=\"(max-width: 548px) 100vw, 548px\" \/>\t\t\t\t\t\t\t\t\t\t\t\t\t\t\t<\/div>\n\t\t\t\t<\/div>\n\t\t\t\t\t<\/div>\n\t\t<\/div>\n\t\t\t\t\t<\/div>\n\t\t<\/section>\n\t\t\t\t<section class=\"elementor-section elementor-top-section elementor-element elementor-element-40a60ff elementor-section-boxed elementor-section-height-default elementor-section-height-default\" data-id=\"40a60ff\" data-element_type=\"section\" data-e-type=\"section\">\n\t\t\t\t\t\t<div class=\"elementor-container elementor-column-gap-default\">\n\t\t\t\t\t<div class=\"elementor-column elementor-col-100 elementor-top-column elementor-element elementor-element-babeb69\" data-id=\"babeb69\" data-element_type=\"column\" data-e-type=\"column\">\n\t\t\t<div class=\"elementor-widget-wrap elementor-element-populated\">\n\t\t\t\t\t\t<div class=\"elementor-element elementor-element-c07e847 elementor-widget elementor-widget-text-editor\" data-id=\"c07e847\" data-element_type=\"widget\" data-e-type=\"widget\" data-widget_type=\"text-editor.default\">\n\t\t\t\t<div class=\"elementor-widget-container\">\n\t\t\t\t\t\t\t\t\t<p><a href=\"http:\/\/www.liberabg.it\/l\/wp-content\/uploads\/2022\/03\/7-marzo.jpeg\" target=\"_blank\" rel=\"noopener\">Link al volantino<\/a><\/p><p>\u00a0<\/p>\t\t\t\t\t\t\t\t<\/div>\n\t\t\t\t<\/div>\n\t\t\t\t\t<\/div>\n\t\t<\/div>\n\t\t\t\t\t<\/div>\n\t\t<\/section>\n\t\t\t\t<\/div>\n\t\t","protected":false},"excerpt":{"rendered":"<p>Riflessioni sull&#8217;evoluzione del fenomeno della criminalit\u00e0 ambientale in Italia Luned\u00ec 7 marzo ore 20.45 &#8211; Oratorio S. Giuseppe, viale Natale Betelli, 3, Dalmine Incontro con Sergio Cannav\u00f2, avvocato, responsabile ambiente e legalit\u00e0 &#8211; Legambiente Lombardia e Luca Bonzanni, giornalista, responsabile Libera Bergamo dossier presenze mafie&nbsp; Link al volantino<\/p>\n","protected":false},"author":7,"featured_media":0,"comment_status":"closed","ping_status":"open","sticky":false,"template":"","format":"standard","meta":{"jetpack_post_was_ever_published":false,"_jetpack_newsletter_access":"","_jetpack_dont_email_post_to_subs":false,"_jetpack_newsletter_tier_id":0,"_jetpack_memberships_contains_paywalled_content":false,"_jetpack_memberships_contains_paid_content":false,"footnotes":"","jetpack_publicize_message":"","jetpack_publicize_feature_enabled":true,"jetpack_social_post_already_shared":true,"jetpack_social_options":{"image_generator_settings":{"template":"highway","default_image_id":0,"font":"","enabled":false},"version":2}},"categories":[14,20],"tags":[],"class_list":["post-1480","post","type-post","status-publish","format-standard","hentry","category-eventi","category-osservatorio"],"jetpack_publicize_connections":[],"jetpack_featured_media_url":"","jetpack_sharing_enabled":true,"jetpack_shortlink":"https:\/\/wp.me\/p7YFQD-nS","_links":{"self":[{"href":"https:\/\/www.liberabg.it\/index.php\/wp-json\/wp\/v2\/posts\/1480","targetHints":{"allow":["GET"]}}],"collection":[{"href":"https:\/\/www.liberabg.it\/index.php\/wp-json\/wp\/v2\/posts"}],"about":[{"href":"https:\/\/www.liberabg.it\/index.php\/wp-json\/wp\/v2\/types\/post"}],"author":[{"embeddable":true,"href":"https:\/\/www.liberabg.it\/index.php\/wp-json\/wp\/v2\/users\/7"}],"replies":[{"embeddable":true,"href":"https:\/\/www.liberabg.it\/index.php\/wp-json\/wp\/v2\/comments?post=1480"}],"version-history":[{"count":6,"href":"https:\/\/www.liberabg.it\/index.php\/wp-json\/wp\/v2\/posts\/1480\/revisions"}],"predecessor-version":[{"id":1487,"href":"https:\/\/www.liberabg.it\/index.php\/wp-json\/wp\/v2\/posts\/1480\/revisions\/1487"}],"wp:attachment":[{"href":"https:\/\/www.liberabg.it\/index.php\/wp-json\/wp\/v2\/media?parent=1480"}],"wp:term":[{"taxonomy":"category","embeddable":true,"href":"https:\/\/www.liberabg.it\/index.php\/wp-json\/wp\/v2\/categories?post=1480"},{"taxonomy":"post_tag","embeddable":true,"href":"https:\/\/www.liberabg.it\/index.php\/wp-json\/wp\/v2\/tags?post=1480"}],"curies":[{"name":"wp","href":"https:\/\/api.w.org\/{rel}","templated":true}]}}