{"id":100,"date":"2013-01-02T20:27:09","date_gmt":"2013-01-02T19:27:09","guid":{"rendered":"http:\/\/www.liberabg.it\/l\/2013\/01\/generazione-l-con-libera-in-libreria-per-la-legalita\/"},"modified":"2013-01-02T20:27:09","modified_gmt":"2013-01-02T19:27:09","slug":"generazione-l-con-libera-in-libreria-per-la-legalita","status":"publish","type":"post","link":"https:\/\/www.liberabg.it\/index.php\/2013\/01\/generazione-l-con-libera-in-libreria-per-la-legalita\/","title":{"rendered":"Generazione L. Con Libera in libreria per la legalit\u00e0"},"content":{"rendered":"<h1>IO RICORDO &#8230;<br \/>LE LORO IDEE CAMMINANO SULLE NOSTRE GAMBE<\/h1>\n<h2>Gli anni di Giovanni Falcone, Paolo Borsellino, Pio La Torre, Carlo Alberto Dalla Chiesa.<\/h2>\n<p><a target=\"_blank\" title=\"Generazione L\" href=\"images\/stories\/2013\/percorso-generazione-L-2013.pdf\"><img decoding=\"async\" style=\"margin: 5px; float: left;\" alt=\"2013generazioneL\" src=\"images\/stories\/img_libera\/2013\/2013generazioneL.jpg\" height=\"146\" width=\"322\" \/><\/a>La <strong>libreria articolo 21 <\/strong>e il <strong>Coordinamento Provinciale di Libera Bergamo <\/strong>presentano la quarta edizione di \u201cGenerazione L. Con Libera in libreria per la legalit\u00e0\u201d: percorso di approfondimento con valenza formativa <strong>rivolto in particolare agli studenti e ai docenti delle scuole superiori di Bergamo e provincia<\/strong>.<\/p>\n<p>Il progetto nasce nel 2009 con l&#8217;intento, condiviso anche dal Provveditorato agli Studi di Bergamo e Provincia, di sensibilizzare i pi\u00f9 giovani alla legalit\u00e0 e all&#8217;impegno civile.<\/p>\n<p>Il corso si rivolge alle nuove generazioni, ed \u00e8 aperto a chi lavora nell&#8217;ambito della scuola, ad operatori del settore e a tutti coloro che abbiano a cuore i temi di legalit\u00e0 e giustizia.<\/p>\n<p>La collaborazione tra la libreria e Libera ci ha consentito negli anni di realizzare un percorso di alto profilo e seriet\u00e0, il cui scopo \u00e8 coinvolgere i ragazzi in prima persona, costruendo insieme a loro un percorso sulla legalit\u00e0 che si traduca in autentica adesione ai valori civili. <br \/>Per fare questo ci serviamo dei libri. Gli studenti prendono parte agli incontri avendo gi\u00e0 letto il libro, e questo consente loro di partecipare attivamente con domande e osservazioni. Il coordinamento di Gian Mario Vitali, referente del settore formazione di Libera Bergamo, contribuisce poi a inquadrare e contestualizzare gli interventi e le testimonianze degli autori.<\/p>\n<p>Alle edizioni degli anni precedenti hanno preso parte, tra gli altri: <em>Nando Dalla Chiesa, Davide Mattiello, Enzo Ciconte, Armando Spataro, Antonio Ingroia, Gherardo Colombo.<\/em><br \/><strong>Quest&#8217;anno, nel ventennale delle stragi, abbiamo deciso di dedicare il percorso a coloro che sono stati protagonisti di quella stagione.<\/strong> Uno lettura in chiave storica, condotta anche attraverso importanti testimonianze, che ci auguriamo possa fornire ai ragazzi strumenti di lettura del loro presente.<\/p>\n<p>Gli incontri si terranno presso&nbsp; l&#8217;ist. VITTORIO EMANUELE II in Via F. LUSSANA 2 &#8211;&nbsp; BERGAMO secondo il calendario seguente:<\/p>\n<p>Marted\u00ec 29 Gennaio 2013 &#8211; Incontro con <strong>Attilio Bolzoni <\/strong>&#8211; <span style=\"color: #800000;\">&#8220;Giovanni Falcone e gli altri uomini soli&#8221;<\/span><br \/>Marted\u00ec 19 Febbraio 2013 &#8211; Incontro con <strong>Luciano Mirone<\/strong> &#8211; <span style=\"color: #800000;\">&#8220;Il Generale Dalla Chiesa e il ruolo dello Stato&#8221;<\/span><br \/>Venerd\u00ec 8 marzo 2013 &#8211; Incontro con <strong>Vito Lo Monaco<\/strong> e <strong>Franco La Torre<\/strong> &#8211; <span style=\"color: #800000;\">&#8220;Pio La Torre, una lezione civile e politica che brilla ancora&#8221;<\/span><br \/>Marted\u00ec 19 marzo 2013 &#8211; Incontro con <strong>Umberto Lucentini <\/strong>e <strong>Piera Aiello<\/strong> &#8211; <span style=\"color: #800000;\">&#8220;Io, donna, testimone di giustizia con Paolo Borsellino&#8221;<\/span><\/p>\n<p>Vedi i dettagli <span style=\"text-decoration: underline;\"><a target=\"_blank\" title=\"Generazione L\" href=\"images\/stories\/2013\/percorso-generazione-l-2013.pdf\">nel documento di presentazione<\/a><\/span> del percorso.<\/p>\n<p><span style=\"color: #800000; font-size: 12pt;\"><strong>Le iscrizioni dovranno pervenire entro il 17 Gennaio 2013, inviando una email di conferma all\u2019indirizzo <a href=\"mailto:info@articolo-21.it\">info@articolo-21.it<\/a><\/strong><\/span><\/p>\n","protected":false},"excerpt":{"rendered":"<p>IO RICORDO &#8230;LE LORO IDEE CAMMINANO SULLE NOSTRE GAMBE Gli anni di Giovanni Falcone, Paolo Borsellino, Pio La Torre, Carlo Alberto Dalla Chiesa. La libreria articolo 21 e il Coordinamento Provinciale di Libera Bergamo presentano la quarta edizione di \u201cGenerazione L. Con Libera in libreria per la legalit\u00e0\u201d: percorso di &hellip;<\/p>\n","protected":false},"author":1,"featured_media":0,"comment_status":"closed","ping_status":"open","sticky":false,"template":"","format":"standard","meta":{"jetpack_post_was_ever_published":false,"_jetpack_newsletter_access":"","_jetpack_dont_email_post_to_subs":false,"_jetpack_newsletter_tier_id":0,"_jetpack_memberships_contains_paywalled_content":false,"_jetpack_memberships_contains_paid_content":false,"footnotes":"","jetpack_publicize_message":"","jetpack_publicize_feature_enabled":true,"jetpack_social_post_already_shared":false,"jetpack_social_options":{"image_generator_settings":{"template":"highway","default_image_id":0,"font":"","enabled":false},"version":2}},"categories":[11],"tags":[],"class_list":["post-100","post","type-post","status-publish","format-standard","hentry","category-scuola-e-formazione"],"jetpack_publicize_connections":[],"jetpack_featured_media_url":"","jetpack_sharing_enabled":true,"jetpack_shortlink":"https:\/\/wp.me\/p7YFQD-1C","_links":{"self":[{"href":"https:\/\/www.liberabg.it\/index.php\/wp-json\/wp\/v2\/posts\/100","targetHints":{"allow":["GET"]}}],"collection":[{"href":"https:\/\/www.liberabg.it\/index.php\/wp-json\/wp\/v2\/posts"}],"about":[{"href":"https:\/\/www.liberabg.it\/index.php\/wp-json\/wp\/v2\/types\/post"}],"author":[{"embeddable":true,"href":"https:\/\/www.liberabg.it\/index.php\/wp-json\/wp\/v2\/users\/1"}],"replies":[{"embeddable":true,"href":"https:\/\/www.liberabg.it\/index.php\/wp-json\/wp\/v2\/comments?post=100"}],"version-history":[{"count":0,"href":"https:\/\/www.liberabg.it\/index.php\/wp-json\/wp\/v2\/posts\/100\/revisions"}],"wp:attachment":[{"href":"https:\/\/www.liberabg.it\/index.php\/wp-json\/wp\/v2\/media?parent=100"}],"wp:term":[{"taxonomy":"category","embeddable":true,"href":"https:\/\/www.liberabg.it\/index.php\/wp-json\/wp\/v2\/categories?post=100"},{"taxonomy":"post_tag","embeddable":true,"href":"https:\/\/www.liberabg.it\/index.php\/wp-json\/wp\/v2\/tags?post=100"}],"curies":[{"name":"wp","href":"https:\/\/api.w.org\/{rel}","templated":true}]}}