{"id":43,"date":"2012-04-15T16:16:38","date_gmt":"2012-04-15T14:16:38","guid":{"rendered":"http:\/\/www.liberabg.it\/l\/2012\/04\/la-scelta\/"},"modified":"2012-04-15T16:16:38","modified_gmt":"2012-04-15T14:16:38","slug":"la-scelta","status":"publish","type":"post","link":"http:\/\/www.liberabg.it\/index.php\/2012\/04\/la-scelta\/","title":{"rendered":"\u201cLA SCELTA\u201d"},"content":{"rendered":"<p><span style=\"font-size: 12pt;\"><strong><span style=\"color: #ff0000;\">domenica 22 aprile ore 17.30 al Cineteatro QOELET<\/span><\/strong><\/span><a target=\"_blank\" title=\"La Scelta\" href=\"images\/stories\/img_libera\/20120422_LaScelta.jpg\"><img fetchpriority=\"high\" decoding=\"async\" style=\"margin: 4px; float: right;\" alt=\"locandina_web\" src=\"images\/stories\/img_libera\/locandina_web.jpg\" height=\"283\" width=\"200\" \/><\/a><\/p>\n<h2><strong>LIBERA coordinamento provinciale di Bergamo e <\/strong><br \/><strong>AMNESTY INTERNATIONAL di Bergamo<\/strong><\/h2>\n<p>presentano<\/p>\n<p>Ex-Jugoslavia, anni \u201890: cinque storie da uno dei conflitti pi\u00f9 atroci del nostro tempo<\/p>\n<h1>\u201cLA SCELTA\u201d, IL CORAGGIO CIVILE A TEATRO. E TU COSA AVRESTI FATTO?<\/h1>\n<p>Lo spettacolo di Marco Cortesi. Cinque storie vere, provenienti da uno dei conflitti pi\u00f9 atroci del nostro tempo, la guerra della Ex-Jugoslavia tra il 1991 e il 1995. A raccontarle, due narratori, un uomo e una donna, per uno spettacolo che ripercorre vicende \u201cterribili e splendide\u201d, come le definisce il regista Marco Cortesi.  Sono le storie di \u201cLa scelta\u201d, lo spettacolo teatrale che Libera e Amnesty International di Bergamo propongono per domenica 22 aprile alle ore 17.30 (ingresso libero). L\u2019appuntamento \u00e8 al Cineteatro Qoelet di via Leone XIII n. 22 a Bergamo.  <br \/>Raccolte durante il conflitto bosniaco dalla dottoressa Svetlana Broz (nipote di Josip Broz, capo di governo jugoslavo, meglio conosciuto con il nome di Tito) e affidate alla voce di Marco Cortesi e Mara Moschini, le cinque storie rappresentano straordinarie testimonianze di eroismo, coraggio e umanit\u00e0.     Marco Cortesi \u00e8 attore e regista. Alterna l&#8217;attivit\u00e0 di attore di cinema e tv con la produzione teatrale. Ha lavorato per Rai Storia con un programma sulle memorie del passato (&#8220;Testimoni &#8211; Le Voci della Storia&#8221;). Da anni occupato in attivit\u00e0 di volontariato internazionale, porta il suo vissuto personale sul palcoscenico insieme all\u2019attrice Mara Moschini.&nbsp;<\/p>\n<p style=\"text-align: center;\">Per informazioni: 333.2785427 &#8211; <a href=\"index.php?option=com_contact&amp;view=contact&amp;catid=12:contatti&amp;id=1-aliascontatto\">bergamo@libera.it<\/a> &#8211; <a target=\"_blank\" href=\"http:\/\/www.marco-cortesi.com\">www.marco-cortesi.com<\/a><\/p>\n<p style=\"text-align: center;\"><a target=\"_blank\" title=\"LaScelta\" href=\"images\/stories\/img_libera\/20120422_LaScelta.jpg\">&#8211; VOLANTINO &#8211; <\/a><\/p>\n","protected":false},"excerpt":{"rendered":"<p>domenica 22 aprile ore 17.30 al Cineteatro QOELET LIBERA coordinamento provinciale di Bergamo e AMNESTY INTERNATIONAL di Bergamo presentano Ex-Jugoslavia, anni \u201890: cinque storie da uno dei conflitti pi\u00f9 atroci del nostro tempo \u201cLA SCELTA\u201d, IL CORAGGIO CIVILE A TEATRO. E TU COSA AVRESTI FATTO? Lo spettacolo di Marco Cortesi. &hellip;<\/p>\n","protected":false},"author":1,"featured_media":0,"comment_status":"closed","ping_status":"open","sticky":false,"template":"","format":"standard","meta":{"jetpack_post_was_ever_published":false,"_jetpack_newsletter_access":"","_jetpack_dont_email_post_to_subs":false,"_jetpack_newsletter_tier_id":0,"_jetpack_memberships_contains_paywalled_content":false,"_jetpack_memberships_contains_paid_content":false,"footnotes":"","jetpack_publicize_message":"","jetpack_publicize_feature_enabled":true,"jetpack_social_post_already_shared":false,"jetpack_social_options":{"image_generator_settings":{"template":"highway","default_image_id":0,"font":"","enabled":false},"version":2}},"categories":[9],"tags":[],"class_list":["post-43","post","type-post","status-publish","format-standard","hentry","category-primo-piano"],"jetpack_publicize_connections":[],"jetpack_featured_media_url":"","jetpack_sharing_enabled":true,"jetpack_shortlink":"https:\/\/wp.me\/p7YFQD-H","_links":{"self":[{"href":"http:\/\/www.liberabg.it\/index.php\/wp-json\/wp\/v2\/posts\/43","targetHints":{"allow":["GET"]}}],"collection":[{"href":"http:\/\/www.liberabg.it\/index.php\/wp-json\/wp\/v2\/posts"}],"about":[{"href":"http:\/\/www.liberabg.it\/index.php\/wp-json\/wp\/v2\/types\/post"}],"author":[{"embeddable":true,"href":"http:\/\/www.liberabg.it\/index.php\/wp-json\/wp\/v2\/users\/1"}],"replies":[{"embeddable":true,"href":"http:\/\/www.liberabg.it\/index.php\/wp-json\/wp\/v2\/comments?post=43"}],"version-history":[{"count":0,"href":"http:\/\/www.liberabg.it\/index.php\/wp-json\/wp\/v2\/posts\/43\/revisions"}],"wp:attachment":[{"href":"http:\/\/www.liberabg.it\/index.php\/wp-json\/wp\/v2\/media?parent=43"}],"wp:term":[{"taxonomy":"category","embeddable":true,"href":"http:\/\/www.liberabg.it\/index.php\/wp-json\/wp\/v2\/categories?post=43"},{"taxonomy":"post_tag","embeddable":true,"href":"http:\/\/www.liberabg.it\/index.php\/wp-json\/wp\/v2\/tags?post=43"}],"curies":[{"name":"wp","href":"https:\/\/api.w.org\/{rel}","templated":true}]}}