{"id":40,"date":"2012-03-15T10:32:04","date_gmt":"2012-03-15T09:32:04","guid":{"rendered":"http:\/\/www.liberabg.it\/l\/2012\/03\/crescere-nella-legalita\/"},"modified":"2012-03-15T10:32:04","modified_gmt":"2012-03-15T09:32:04","slug":"crescere-nella-legalita","status":"publish","type":"post","link":"http:\/\/www.liberabg.it\/index.php\/2012\/03\/crescere-nella-legalita\/","title":{"rendered":"Crescere nella Legalit\u00e0"},"content":{"rendered":"<p><a target=\"_blank\" title=\"Crescere nella Legalit\u00e0\" href=\"images\/stories\/documenti_pdf\/20120317-21_amicidiLibera.pdf\"><img fetchpriority=\"high\" decoding=\"async\" style=\"margin: 3px 3px 3px 8px; float: right;\" alt=\"20120317-21_amicidiLibera\" src=\"images\/stories\/img_libera\/20120317-21_amicidiLibera.jpg\" height=\"305\" width=\"216\" \/><\/a> <\/p>\n<p style=\"text-align: justify;\">In occasione della <strong>XVII Giornata della Memoria e dell&#8217;Impegno in memoria di tutte le vittime di mafia<\/strong>, promossa ogni anno da LIBERA nel primo giorno di primavera, AMICI di LIBERA presenta il progetto <span style=\"color: #ff0000;\"><strong>&#8216;Crescere nella Legalit\u00e0&#8217;<\/strong><\/span>, realizzato con il coinvolgimento di numerose Associazioni e realt\u00e0 educative ed istituzionali locali che hanno scelto di lavorare insieme sul tema dell&#8217;educazione alla &#8220;Memoria che si trasforma in Impegno&#8221;.<\/p>\n<p style=\"text-align: justify;\">Favorire la collaborazione tra le Istituzioni e le Associazioni per creare percorsi comuni e concreti di promozione della legalit\u00e0 rappresenta da sempre per Amici di Libera un\u2019occasione per fornire un servizio importante alla comunit\u00e0. Siamo perci\u00f2 entusiasti nel presentarVi questa importante iniziativa, frutto di un grande impegno condiviso.<\/p>\n<p style=\"text-align: justify;\">Il ciclo di incontri in cui si concretizza in progetto, di cui trovate <a target=\"_blank\" title=\"programma\" href=\"images\/stories\/documenti_pdf\/20120317-21_amicidiLibera_pgm.pdf\">dettagli e descrizione nel volantino<\/a>,<strong> si svolger\u00e0 dal 17 al 21 marzo 2012 e culminer\u00e0 la sera di MERCOLEDI&#8217; 21 MARZO con un evento pubblico e collettivo<\/strong>, che vedr\u00e0 presenti tutte le realt\u00e0 coinvolte.<\/p>\n<p style=\"text-align: justify;\"><a target=\"_blank\" title=\"Crescere nella legalit\u00e0\" href=\"images\/stories\/documenti_pdf\/20120317-21_amicidiLibera_pgm.pdf\">&#8211; PROGRAMMA DETTAGLIATO &#8211;<\/a><\/p>\n<p>  <!--more-->  <\/p>\n<p>InvitandoVi a partecipare numerosi e a diffondere il pi\u00f9 possibile l&#8217;iniziativa, Vi segnaliamo gli eventi per i quali \u00e8 necessaria la prenotazione entro luned\u00ec 12 marzo p.v.:<\/p>\n<p>1) Evento LIBERA I FONTANILI &#8211; alla scoperta della campagna di Masano, DOMENICA 18 MARZO:<\/p>\n<p>iscrizione per la visita guidata al fontanile &#8216;Vascapine&#8217; e ai corsi d&#8217;acqua della zona ai numeri: 339\/8657525 (Arturo); 348\/9995407 (Vittorio); 346\/4972000 (Patrizio)<br \/> iscrizione al &#8216;Pranzo della Legalit\u00e0&#8217; con prodotti LIBERA Terra, che si terr\u00e0 presso l&#8217;Oratorio di Masano, al numero 335\/1328765 (Cesare)<\/p>\n<p>2) Evento BUONO, PULITO E GIUSTO, DOMENICA 18 MARZO:<\/p>\n<p>iscrizione al &#8216;Pranzo della Legalilt\u00e0&#8217; con prodotti LIBERA Terra e di aziende locali vicine alla filosofia SlowFood, che si terr\u00e0 presso il Ristorante &#8216;Il Picchio Rosso&#8217; a Fornovo S.Giovanni, al numero 333\/6600202<\/p>\n<p>Vi invitiamo inoltre a prendere visione dei dettagli di queste iniziative (ora, luogo, organizzatori, men\u00f9 e costo dei pranzi) nel<a target=\"_blank\" title=\"Crescere nella legalit\u00e0\" href=\"images\/stories\/documenti_pdf\/20120317-21_amicidiLibera_pgm.pdf\"> PROGRAMMA DETTAGLIATO.<\/a><\/p>\n","protected":false},"excerpt":{"rendered":"<p>In occasione della XVII Giornata della Memoria e dell&#8217;Impegno in memoria di tutte le vittime di mafia, promossa ogni anno da LIBERA nel primo giorno di primavera, AMICI di LIBERA presenta il progetto &#8216;Crescere nella Legalit\u00e0&#8217;, realizzato con il coinvolgimento di numerose Associazioni e realt\u00e0 educative ed istituzionali locali che &hellip;<\/p>\n","protected":false},"author":1,"featured_media":0,"comment_status":"closed","ping_status":"open","sticky":false,"template":"","format":"standard","meta":{"jetpack_post_was_ever_published":false,"_jetpack_newsletter_access":"","_jetpack_dont_email_post_to_subs":false,"_jetpack_newsletter_tier_id":0,"_jetpack_memberships_contains_paywalled_content":false,"_jetpack_memberships_contains_paid_content":false,"footnotes":"","jetpack_publicize_message":"","jetpack_publicize_feature_enabled":true,"jetpack_social_post_already_shared":false,"jetpack_social_options":{"image_generator_settings":{"template":"highway","default_image_id":0,"font":"","enabled":false},"version":2}},"categories":[9],"tags":[],"class_list":["post-40","post","type-post","status-publish","format-standard","hentry","category-primo-piano"],"jetpack_publicize_connections":[],"jetpack_featured_media_url":"","jetpack_sharing_enabled":true,"jetpack_shortlink":"https:\/\/wp.me\/p7YFQD-E","_links":{"self":[{"href":"http:\/\/www.liberabg.it\/index.php\/wp-json\/wp\/v2\/posts\/40","targetHints":{"allow":["GET"]}}],"collection":[{"href":"http:\/\/www.liberabg.it\/index.php\/wp-json\/wp\/v2\/posts"}],"about":[{"href":"http:\/\/www.liberabg.it\/index.php\/wp-json\/wp\/v2\/types\/post"}],"author":[{"embeddable":true,"href":"http:\/\/www.liberabg.it\/index.php\/wp-json\/wp\/v2\/users\/1"}],"replies":[{"embeddable":true,"href":"http:\/\/www.liberabg.it\/index.php\/wp-json\/wp\/v2\/comments?post=40"}],"version-history":[{"count":0,"href":"http:\/\/www.liberabg.it\/index.php\/wp-json\/wp\/v2\/posts\/40\/revisions"}],"wp:attachment":[{"href":"http:\/\/www.liberabg.it\/index.php\/wp-json\/wp\/v2\/media?parent=40"}],"wp:term":[{"taxonomy":"category","embeddable":true,"href":"http:\/\/www.liberabg.it\/index.php\/wp-json\/wp\/v2\/categories?post=40"},{"taxonomy":"post_tag","embeddable":true,"href":"http:\/\/www.liberabg.it\/index.php\/wp-json\/wp\/v2\/tags?post=40"}],"curies":[{"name":"wp","href":"https:\/\/api.w.org\/{rel}","templated":true}]}}