{"id":39,"date":"2012-02-21T14:26:49","date_gmt":"2012-02-21T13:26:49","guid":{"rendered":"http:\/\/www.liberabg.it\/l\/2012\/02\/genova-17-marzo-2012-2\/"},"modified":"2012-02-21T14:26:49","modified_gmt":"2012-02-21T13:26:49","slug":"genova-17-marzo-2012-2","status":"publish","type":"post","link":"http:\/\/www.liberabg.it\/index.php\/2012\/02\/genova-17-marzo-2012-2\/","title":{"rendered":"Genova, 17 marzo 2012"},"content":{"rendered":"<p><a target=\"_blank\" title=\"genova, 17 marzo. informazioni per partecipare\" href=\"http:\/\/www.libera.it\/flex\/cm\/pages\/ServeBLOB.php\/L\/IT\/IDPagina\/5615\"><img fetchpriority=\"high\" decoding=\"async\" style=\"margin: 4px; float: left;\" alt=\"20120317_genova\" src=\"images\/stories\/img_libera\/20120317_genova.jpg\" height=\"235\" width=\"235\" \/><\/a> <\/p>\n<p>Dal 1996 ogni 21 marzo si celebra la <strong class=\"userFormat1\">Giornata della Memoria e dell&#8217;Impegno per ricordare le vittime innocenti di tutte le mafie<\/strong>.  Il 21 marzo, primo giorno di primavera, \u00e8 il simbolo della speranza che  si rinnova ed \u00e8 anche occasione di incontro con i familiari delle  vittime.<\/p>\n<h1>Si svolger\u00e0 a <span class=\"il\">Genova<\/span> il prossimo <span class=\"il\">17 <\/span><span class=\"il\">marzo<\/span><\/h1>\n<p>la diciassettesima edizione della &#8220;Giornata della Memoria e  dell&#8217;Impegno in ricordo delle vittime delle mafie&#8221;, promossa  dall&#8217;associazione Libera.<\/p>\n<p>La Giornata della Memoria e  dell&#8217;Impegno ricorda tutte le vittime innocenti delle mafie. Oltre 900  nomi di semplici cittadini, magistrati,  giornalisti, appartenenti alle forze dell&#8217; ordine, sacerdoti,  imprenditori, sindacalisti, esponenti politici e amministratori locali  morti per mano delle mafie solo perch\u00e8, con rigore e coerenza, hanno  compiuto il loro dovere.<\/p>\n<h3 align=\"center\" style=\"line-height: normal; text-align: center;\"><\/h3>\n<h3 align=\"center\" style=\"line-height: normal; text-align: center;\"><strong><a href=\"images\/stories\/documenti_pdf\/20120317_genova_presidio.pdf\" title=\"Genova, 17 marzo. Viaggio A\/R in pullman\" target=\"_blank\">Il Presidio ISOLA BERGAMASCA &#8211; VALLE IMAGNA<\/a><\/strong><strong><a href=\"images\/stories\/documenti_pdf\/20120317_genova_presidio.pdf\" title=\"Genova, 17 marzo. Viaggio A\/R in pullman\" target=\"_blank\"><br \/><\/a><\/strong><strong><a href=\"images\/stories\/documenti_pdf\/20120317_genova_presidio.pdf\" title=\"Genova, 17 marzo. Viaggio A\/R in pullman\" target=\"_blank\">organizza il viaggio andata e ritorno per Genova in pullman.<\/a><\/strong><\/h3>\n<p style=\"text-align: center;\"><a target=\"_blank\" title=\"informazioni per partecipare\" href=\"http:\/\/www.libera.it\/flex\/cm\/pages\/ServeBLOB.php\/L\/IT\/IDPagina\/5615\"><br \/>&#8211; ALTRE INFORMAZIONI UTILI PER PARTECIPARE &#8211; <\/a><\/p>\n","protected":false},"excerpt":{"rendered":"<p>Dal 1996 ogni 21 marzo si celebra la Giornata della Memoria e dell&#8217;Impegno per ricordare le vittime innocenti di tutte le mafie. Il 21 marzo, primo giorno di primavera, \u00e8 il simbolo della speranza che si rinnova ed \u00e8 anche occasione di incontro con i familiari delle vittime. Si svolger\u00e0 &hellip;<\/p>\n","protected":false},"author":1,"featured_media":0,"comment_status":"closed","ping_status":"open","sticky":false,"template":"","format":"standard","meta":{"jetpack_post_was_ever_published":false,"_jetpack_newsletter_access":"","_jetpack_dont_email_post_to_subs":false,"_jetpack_newsletter_tier_id":0,"_jetpack_memberships_contains_paywalled_content":false,"_jetpack_memberships_contains_paid_content":false,"footnotes":"","jetpack_publicize_message":"","jetpack_publicize_feature_enabled":true,"jetpack_social_post_already_shared":false,"jetpack_social_options":{"image_generator_settings":{"template":"highway","default_image_id":0,"font":"","enabled":false},"version":2}},"categories":[12],"tags":[],"class_list":["post-39","post","type-post","status-publish","format-standard","hentry","category-presidioisola"],"jetpack_publicize_connections":[],"jetpack_featured_media_url":"","jetpack_sharing_enabled":true,"jetpack_shortlink":"https:\/\/wp.me\/p7YFQD-D","_links":{"self":[{"href":"http:\/\/www.liberabg.it\/index.php\/wp-json\/wp\/v2\/posts\/39","targetHints":{"allow":["GET"]}}],"collection":[{"href":"http:\/\/www.liberabg.it\/index.php\/wp-json\/wp\/v2\/posts"}],"about":[{"href":"http:\/\/www.liberabg.it\/index.php\/wp-json\/wp\/v2\/types\/post"}],"author":[{"embeddable":true,"href":"http:\/\/www.liberabg.it\/index.php\/wp-json\/wp\/v2\/users\/1"}],"replies":[{"embeddable":true,"href":"http:\/\/www.liberabg.it\/index.php\/wp-json\/wp\/v2\/comments?post=39"}],"version-history":[{"count":0,"href":"http:\/\/www.liberabg.it\/index.php\/wp-json\/wp\/v2\/posts\/39\/revisions"}],"wp:attachment":[{"href":"http:\/\/www.liberabg.it\/index.php\/wp-json\/wp\/v2\/media?parent=39"}],"wp:term":[{"taxonomy":"category","embeddable":true,"href":"http:\/\/www.liberabg.it\/index.php\/wp-json\/wp\/v2\/categories?post=39"},{"taxonomy":"post_tag","embeddable":true,"href":"http:\/\/www.liberabg.it\/index.php\/wp-json\/wp\/v2\/tags?post=39"}],"curies":[{"name":"wp","href":"https:\/\/api.w.org\/{rel}","templated":true}]}}