{"id":2012,"date":"2023-12-02T13:38:10","date_gmt":"2023-12-02T12:38:10","guid":{"rendered":"http:\/\/www.liberabg.it\/?p=2012"},"modified":"2023-12-02T13:39:43","modified_gmt":"2023-12-02T12:39:43","slug":"presentazione-del-libro-stato-canaglia","status":"publish","type":"post","link":"http:\/\/www.liberabg.it\/index.php\/2023\/12\/presentazione-del-libro-stato-canaglia\/","title":{"rendered":"Presentazione del libro &#8220;Stato canaglia&#8221;"},"content":{"rendered":"\t\t<div data-elementor-type=\"wp-post\" data-elementor-id=\"2012\" class=\"elementor elementor-2012\">\n\t\t\t\t\t\t<section class=\"elementor-section elementor-top-section elementor-element elementor-element-2d0a169 elementor-section-boxed elementor-section-height-default elementor-section-height-default\" data-id=\"2d0a169\" data-element_type=\"section\" data-e-type=\"section\">\n\t\t\t\t\t\t<div class=\"elementor-container elementor-column-gap-default\">\n\t\t\t\t\t<div class=\"elementor-column elementor-col-100 elementor-top-column elementor-element elementor-element-419045b\" data-id=\"419045b\" data-element_type=\"column\" data-e-type=\"column\">\n\t\t\t<div class=\"elementor-widget-wrap elementor-element-populated\">\n\t\t\t\t\t\t<div class=\"elementor-element elementor-element-1c3306e elementor-widget elementor-widget-heading\" data-id=\"1c3306e\" data-element_type=\"widget\" data-e-type=\"widget\" data-widget_type=\"heading.default\">\n\t\t\t\t<div class=\"elementor-widget-container\">\n\t\t\t\t\t<h2 class=\"elementor-heading-title elementor-size-default\"><b>Presentazione del libro \"Stato canaglia\"<\/b> <br> <b>Luca Bonzanni<\/b> dialogher\u00e0 con <b>Marco Birolini<\/b>, autore del libro e giornalista di Avvenire<\/h2>\t\t\t\t<\/div>\n\t\t\t\t<\/div>\n\t\t\t\t\t<\/div>\n\t\t<\/div>\n\t\t\t\t\t<\/div>\n\t\t<\/section>\n\t\t\t\t<section class=\"elementor-section elementor-top-section elementor-element elementor-element-f3861cc elementor-section-boxed elementor-section-height-default elementor-section-height-default\" data-id=\"f3861cc\" data-element_type=\"section\" data-e-type=\"section\">\n\t\t\t\t\t\t<div class=\"elementor-container elementor-column-gap-default\">\n\t\t\t\t\t<div class=\"elementor-column elementor-col-100 elementor-top-column elementor-element elementor-element-7a3ee9e\" data-id=\"7a3ee9e\" data-element_type=\"column\" data-e-type=\"column\">\n\t\t\t<div class=\"elementor-widget-wrap elementor-element-populated\">\n\t\t\t\t\t\t<div class=\"elementor-element elementor-element-b2c6381 elementor-widget elementor-widget-heading\" data-id=\"b2c6381\" data-element_type=\"widget\" data-e-type=\"widget\" data-widget_type=\"heading.default\">\n\t\t\t\t<div class=\"elementor-widget-container\">\n\t\t\t\t\t<h2 class=\"elementor-heading-title elementor-size-default\"><b>Marted\u00ec 12 dicembre ore 17.30 <br> Caff\u00e9 Bottega Solidale Tertulia, Galleria Fanzago 20 - Bergamo<\/h2>\t\t\t\t<\/div>\n\t\t\t\t<\/div>\n\t\t\t\t\t<\/div>\n\t\t<\/div>\n\t\t\t\t\t<\/div>\n\t\t<\/section>\n\t\t\t\t<section class=\"elementor-section elementor-top-section elementor-element elementor-element-f80c7ee elementor-section-boxed elementor-section-height-default elementor-section-height-default\" data-id=\"f80c7ee\" data-element_type=\"section\" data-e-type=\"section\">\n\t\t\t\t\t\t<div class=\"elementor-container elementor-column-gap-default\">\n\t\t\t\t\t<div class=\"elementor-column elementor-col-100 elementor-top-column elementor-element elementor-element-d72e5d5\" data-id=\"d72e5d5\" data-element_type=\"column\" data-e-type=\"column\">\n\t\t\t<div class=\"elementor-widget-wrap elementor-element-populated\">\n\t\t\t\t\t\t<div class=\"elementor-element elementor-element-f346e16 elementor-widget elementor-widget-image\" data-id=\"f346e16\" data-element_type=\"widget\" data-e-type=\"widget\" data-widget_type=\"image.default\">\n\t\t\t\t<div class=\"elementor-widget-container\">\n\t\t\t\t\t\t\t\t\t\t\t\t\t\t\t<img fetchpriority=\"high\" decoding=\"async\" width=\"600\" height=\"849\" src=\"http:\/\/www.liberabg.it\/l\/wp-content\/uploads\/2023\/12\/libro-statocanaglia.png\" class=\"attachment-large size-large wp-image-2014\" alt=\"\" srcset=\"http:\/\/www.liberabg.it\/l\/wp-content\/uploads\/2023\/12\/libro-statocanaglia.png 600w, http:\/\/www.liberabg.it\/l\/wp-content\/uploads\/2023\/12\/libro-statocanaglia-212x300.png 212w, http:\/\/www.liberabg.it\/l\/wp-content\/uploads\/2023\/12\/libro-statocanaglia-141x200.png 141w\" sizes=\"(max-width: 600px) 100vw, 600px\" \/>\t\t\t\t\t\t\t\t\t\t\t\t\t\t\t<\/div>\n\t\t\t\t<\/div>\n\t\t\t\t\t<\/div>\n\t\t<\/div>\n\t\t\t\t\t<\/div>\n\t\t<\/section>\n\t\t\t\t<section class=\"elementor-section elementor-top-section elementor-element elementor-element-f151cb6 elementor-section-boxed elementor-section-height-default elementor-section-height-default\" data-id=\"f151cb6\" data-element_type=\"section\" data-e-type=\"section\">\n\t\t\t\t\t\t<div class=\"elementor-container elementor-column-gap-default\">\n\t\t\t\t\t<div class=\"elementor-column elementor-col-100 elementor-top-column elementor-element elementor-element-9312c36\" data-id=\"9312c36\" data-element_type=\"column\" data-e-type=\"column\">\n\t\t\t<div class=\"elementor-widget-wrap elementor-element-populated\">\n\t\t\t\t\t\t<div class=\"elementor-element elementor-element-ec9f4ef elementor-widget elementor-widget-text-editor\" data-id=\"ec9f4ef\" data-element_type=\"widget\" data-e-type=\"widget\" data-widget_type=\"text-editor.default\">\n\t\t\t\t<div class=\"elementor-widget-container\">\n\t\t\t\t\t\t\t\t\t<p><a href=\"http:\/\/www.liberabg.it\/l\/wp-content\/uploads\/2023\/12\/libro-statocanaglia.png\" target=\"_blank\" rel=\"noopener\">Link al volantino<\/a><\/p>\t\t\t\t\t\t\t\t<\/div>\n\t\t\t\t<\/div>\n\t\t\t\t\t<\/div>\n\t\t<\/div>\n\t\t\t\t\t<\/div>\n\t\t<\/section>\n\t\t\t\t<\/div>\n\t\t","protected":false},"excerpt":{"rendered":"<p>Presentazione del libro &#8220;Stato canaglia&#8221; Luca Bonzanni dialogher\u00e0 con Marco Birolini, autore del libro e giornalista di Avvenire Marted\u00ec 12 dicembre ore 17.30 Caff\u00e9 Bottega Solidale Tertulia, Galleria Fanzago 20 &#8211; Bergamo Link al volantino<\/p>\n","protected":false},"author":7,"featured_media":0,"comment_status":"closed","ping_status":"open","sticky":false,"template":"","format":"standard","meta":{"jetpack_post_was_ever_published":false,"_jetpack_newsletter_access":"","_jetpack_dont_email_post_to_subs":false,"_jetpack_newsletter_tier_id":0,"_jetpack_memberships_contains_paywalled_content":false,"_jetpack_memberships_contains_paid_content":false,"footnotes":"","jetpack_publicize_message":"","jetpack_publicize_feature_enabled":true,"jetpack_social_post_already_shared":true,"jetpack_social_options":{"image_generator_settings":{"template":"highway","default_image_id":0,"font":"","enabled":false},"version":2}},"categories":[14],"tags":[],"class_list":["post-2012","post","type-post","status-publish","format-standard","hentry","category-eventi"],"jetpack_publicize_connections":[],"jetpack_featured_media_url":"","jetpack_sharing_enabled":true,"jetpack_shortlink":"https:\/\/wp.me\/p7YFQD-ws","_links":{"self":[{"href":"http:\/\/www.liberabg.it\/index.php\/wp-json\/wp\/v2\/posts\/2012","targetHints":{"allow":["GET"]}}],"collection":[{"href":"http:\/\/www.liberabg.it\/index.php\/wp-json\/wp\/v2\/posts"}],"about":[{"href":"http:\/\/www.liberabg.it\/index.php\/wp-json\/wp\/v2\/types\/post"}],"author":[{"embeddable":true,"href":"http:\/\/www.liberabg.it\/index.php\/wp-json\/wp\/v2\/users\/7"}],"replies":[{"embeddable":true,"href":"http:\/\/www.liberabg.it\/index.php\/wp-json\/wp\/v2\/comments?post=2012"}],"version-history":[{"count":5,"href":"http:\/\/www.liberabg.it\/index.php\/wp-json\/wp\/v2\/posts\/2012\/revisions"}],"predecessor-version":[{"id":2019,"href":"http:\/\/www.liberabg.it\/index.php\/wp-json\/wp\/v2\/posts\/2012\/revisions\/2019"}],"wp:attachment":[{"href":"http:\/\/www.liberabg.it\/index.php\/wp-json\/wp\/v2\/media?parent=2012"}],"wp:term":[{"taxonomy":"category","embeddable":true,"href":"http:\/\/www.liberabg.it\/index.php\/wp-json\/wp\/v2\/categories?post=2012"},{"taxonomy":"post_tag","embeddable":true,"href":"http:\/\/www.liberabg.it\/index.php\/wp-json\/wp\/v2\/tags?post=2012"}],"curies":[{"name":"wp","href":"https:\/\/api.w.org\/{rel}","templated":true}]}}