{"id":195,"date":"2014-02-17T20:33:59","date_gmt":"2014-02-17T19:33:59","guid":{"rendered":"http:\/\/www.liberabg.it\/l\/2014\/02\/la-legalita-del-noi-le-mafie-si-sconfiggono-solo-insieme\/"},"modified":"2014-02-17T20:33:59","modified_gmt":"2014-02-17T19:33:59","slug":"la-legalita-del-noi-le-mafie-si-sconfiggono-solo-insieme","status":"publish","type":"post","link":"http:\/\/www.liberabg.it\/index.php\/2014\/02\/la-legalita-del-noi-le-mafie-si-sconfiggono-solo-insieme\/","title":{"rendered":"La legalit\u00e0 del NOI. Le mafie si sconfiggono solo insieme"},"content":{"rendered":"<p style=\"text-align: center;\"><a href=\"images\/stories\/2014\/20140228_GattiBianco_Pitturello.pdf\" title=\"Volantino\" target=\"_blank\"><img decoding=\"async\" src=\"images\/stories\/2014\/img\/20140228_GattiBianco_Pitturello.JPG\" width=\"100\" height=\"141\" alt=\"20140228_GattiBianco_Pitturello\" style=\"border: 1px solid #7c8183; margin: 5px; float: left;\" \/><\/a><span style=\"background-color: #ffff00; color: #000000;\"><strong>Venerd\u00ec 28 febbraio 2014 &#8211; ore 20.45<\/strong><\/span><br \/><span style=\"line-height: 1.3em; color: #000000;\"><span style=\"background-color: #ffff00;\"><strong>Pitturello AEPER &#8211; via Giovanni XXIII n. 45\/a &#8211; Torre de\u2019 Roveri (BG)<\/strong><\/span><br \/><\/span><\/p>\n<p style=\"text-align: center;\"><span style=\"color: #000000;\">e&nbsp;<\/span><\/p>\n<p style=\"text-align: center;\"><span style=\"color: #000000;\"><span style=\"font-family: Tahoma, Arial, Helvetica, sans-serif; line-height: normal; text-align: center; background-color: #ffff00;\"><strong>Sabato 1 Marzo 2014 &#8211; ore 9.00<br \/><\/strong><\/span><strong style=\"color: #000000; font-family: Tahoma, Arial, Helvetica, sans-serif; line-height: normal; text-align: center;\"><span style=\"line-height: 1.3em; background-color: #ffff00;\">auditorium \u201cSestini\u201d dell\u2019ISIS \u201cGiulio Natta\u201d (via Europa, 15 \u2013 Bergamo)<\/span><\/strong><\/span><\/p>\n<p style=\"text-align: center;\"><span style=\"line-height: 1.3em;\">Incontro con<\/span><\/p>\n<p style=\"text-align: center;\"><span style=\"line-height: 1.3em;\"><strong><span style=\"color: #ff0000; font-size: 14pt;\">Giuseppe Gatti<\/span><\/strong><br \/><\/span><\/p>\n<p> <a target=\"_blank\" title=\"volantino 01.03.2014\" href=\"images\/stories\/2014\/20140301_GattiBianco_Natta.pdf\"><img decoding=\"async\" src=\"images\/stories\/2014\/img\/20140301_GattiBianco_Natta.JPG\" width=\"100\" height=\"141\" alt=\"20140301_GattiBianco_Natta\" style=\"border: 1px solid #80817e; margin: 5px; float: left;\" \/><\/a> <\/p>\n<p style=\"text-align: center;\"><span style=\"line-height: 1.3em;\"><strong>Sostituto Procuratore Direzione Distrettuale Antimafia di Bari<\/strong><\/span><\/p>\n<p style=\"text-align: center;\"><span style=\"line-height: 1.3em;\"><span style=\"font-size: 14pt;\"><strong><span style=\"color: #ff0000;\">Gianni Bianco<\/span><\/strong><\/span><br \/><strong>Giornalista RAI<\/strong><\/span><\/p>\n<p style=\"text-align: center;\"><span style=\"line-height: 1.3em;\">autori del libro<\/span><\/p>\n<p style=\"text-align: center;\"><span style=\"line-height: 1.3em; color: #800000; font-size: 14pt;\">La legalit\u00e0 del NOI<br \/>Le mafie si sconfiggono solo insieme<\/span><\/p>\n<p style=\"text-align: justify;\"><span style=\"line-height: 1.3em; color: #800000; font-size: 14pt;\">&nbsp;<\/span><em>\u201cIn queste pagine si racconta con grande forza come sia stato il NOI, in certi territori,a fermare un sopruso che si faceva forte della solitudine e dell\u2019isolamento delle sue vittime.E al tempo stesso si sottolinea come il NOI non chiami in causa solo le categorie vessatedalla violenza mafiosa, ma tutti gli ambiti della vita sociale \u2013 istituzioni e chiese,imprenditoria e scuola, sindacati e informazione \u2013 perch\u00e9 solo un NOI coralepotr\u00e0 sconfiggere, oltre alle organizzazioni criminali, la mentalit\u00e0 che le ha prodotte.\u201d<br \/><\/em><strong>don Luigi Ciotti &#8211; dalla prefazione del libro \u201cLa legalit\u00e0 del NOI\u201d &#8211; Citt\u00e0 Nuova Editrice<\/strong><\/p>\n<p><span style=\"line-height: 1.3em;\">Promotori: Coordinamento provinciale di Libera &#8211; Associazioni, nomi e numeri contro le mafie,Comitato bergamasco difesa della Costituzione, Fondazione don Primo Bonassi, Movimento dei Focolari<\/span><\/p>\n","protected":false},"excerpt":{"rendered":"<p>Venerd\u00ec 28 febbraio 2014 &#8211; ore 20.45Pitturello AEPER &#8211; via Giovanni XXIII n. 45\/a &#8211; Torre de\u2019 Roveri (BG) e&nbsp; Sabato 1 Marzo 2014 &#8211; ore 9.00auditorium \u201cSestini\u201d dell\u2019ISIS \u201cGiulio Natta\u201d (via Europa, 15 \u2013 Bergamo) Incontro con Giuseppe Gatti Sostituto Procuratore Direzione Distrettuale Antimafia di Bari Gianni BiancoGiornalista RAI &hellip;<\/p>\n","protected":false},"author":1,"featured_media":0,"comment_status":"closed","ping_status":"open","sticky":false,"template":"","format":"standard","meta":{"jetpack_post_was_ever_published":false,"_jetpack_newsletter_access":"","_jetpack_dont_email_post_to_subs":false,"_jetpack_newsletter_tier_id":0,"_jetpack_memberships_contains_paywalled_content":false,"_jetpack_memberships_contains_paid_content":false,"footnotes":"","jetpack_publicize_message":"","jetpack_publicize_feature_enabled":true,"jetpack_social_post_already_shared":false,"jetpack_social_options":{"image_generator_settings":{"template":"highway","default_image_id":0,"font":"","enabled":false},"version":2}},"categories":[14],"tags":[],"class_list":["post-195","post","type-post","status-publish","format-standard","hentry","category-eventi"],"jetpack_publicize_connections":[],"jetpack_featured_media_url":"","jetpack_sharing_enabled":true,"jetpack_shortlink":"https:\/\/wp.me\/p7YFQD-39","_links":{"self":[{"href":"http:\/\/www.liberabg.it\/index.php\/wp-json\/wp\/v2\/posts\/195","targetHints":{"allow":["GET"]}}],"collection":[{"href":"http:\/\/www.liberabg.it\/index.php\/wp-json\/wp\/v2\/posts"}],"about":[{"href":"http:\/\/www.liberabg.it\/index.php\/wp-json\/wp\/v2\/types\/post"}],"author":[{"embeddable":true,"href":"http:\/\/www.liberabg.it\/index.php\/wp-json\/wp\/v2\/users\/1"}],"replies":[{"embeddable":true,"href":"http:\/\/www.liberabg.it\/index.php\/wp-json\/wp\/v2\/comments?post=195"}],"version-history":[{"count":0,"href":"http:\/\/www.liberabg.it\/index.php\/wp-json\/wp\/v2\/posts\/195\/revisions"}],"wp:attachment":[{"href":"http:\/\/www.liberabg.it\/index.php\/wp-json\/wp\/v2\/media?parent=195"}],"wp:term":[{"taxonomy":"category","embeddable":true,"href":"http:\/\/www.liberabg.it\/index.php\/wp-json\/wp\/v2\/categories?post=195"},{"taxonomy":"post_tag","embeddable":true,"href":"http:\/\/www.liberabg.it\/index.php\/wp-json\/wp\/v2\/tags?post=195"}],"curies":[{"name":"wp","href":"https:\/\/api.w.org\/{rel}","templated":true}]}}