{"id":1348,"date":"2020-11-03T10:50:14","date_gmt":"2020-11-03T09:50:14","guid":{"rendered":"http:\/\/www.liberabg.it\/?p=1348"},"modified":"2020-11-03T10:50:17","modified_gmt":"2020-11-03T09:50:17","slug":"in-memoria-di-gaetano-giordano-e-rita-atria","status":"publish","type":"post","link":"http:\/\/www.liberabg.it\/index.php\/2020\/11\/in-memoria-di-gaetano-giordano-e-rita-atria\/","title":{"rendered":"In memoria di Gaetano Giordano e Rita Atria"},"content":{"rendered":"\n<div class=\"wp-block-group\"><div class=\"wp-block-group__inner-container is-layout-flow wp-block-group-is-layout-flow\">\n<p><strong>Contro le Mafie al Nord: la &#8220;Settimana della Memoria&#8221; in ricordo di Gaetano Giordano e Rita Atria.<\/strong><\/p>\n\n\n\n<p>Continuare a ricordare oggi le vittime delle mafie \u00e8 sempre pi\u00f9 interrogarci sul volto che la criminalit\u00e0 organizzata assume oggi nei nostri territori: come si trasforma, come cerca di conquistare terreno in ambito economico e sociale.<\/p>\n\n\n\n<p>Anche quest&#8217;anno la Settimana della Memoria sar\u00e0 occasione per ricordare e rinnovare l&#8217;impegno.<\/p>\n<\/div><\/div>\n\n\n\n<div class=\"wp-block-image\"><figure class=\"aligncenter size-large is-resized\"><img fetchpriority=\"high\" decoding=\"async\" src=\"http:\/\/www.liberabg.it\/l\/wp-content\/uploads\/2020\/11\/1-724x1024.jpg\" alt=\"\" class=\"wp-image-1353\" width=\"410\" height=\"580\" srcset=\"http:\/\/www.liberabg.it\/l\/wp-content\/uploads\/2020\/11\/1-724x1024.jpg 724w, http:\/\/www.liberabg.it\/l\/wp-content\/uploads\/2020\/11\/1-212x300.jpg 212w, http:\/\/www.liberabg.it\/l\/wp-content\/uploads\/2020\/11\/1-768x1086.jpg 768w, http:\/\/www.liberabg.it\/l\/wp-content\/uploads\/2020\/11\/1-1086x1536.jpg 1086w, http:\/\/www.liberabg.it\/l\/wp-content\/uploads\/2020\/11\/1-141x200.jpg 141w, http:\/\/www.liberabg.it\/l\/wp-content\/uploads\/2020\/11\/1.jpg 1414w\" sizes=\"(max-width: 410px) 100vw, 410px\" \/><\/figure><\/div>\n\n\n\n<figure class=\"wp-block-image size-large is-resized\"><img decoding=\"async\" src=\"http:\/\/www.liberabg.it\/l\/wp-content\/uploads\/2020\/11\/2-724x1024.jpg\" alt=\"\" class=\"wp-image-1354\" width=\"405\" height=\"574\" srcset=\"http:\/\/www.liberabg.it\/l\/wp-content\/uploads\/2020\/11\/2-724x1024.jpg 724w, http:\/\/www.liberabg.it\/l\/wp-content\/uploads\/2020\/11\/2-212x300.jpg 212w, http:\/\/www.liberabg.it\/l\/wp-content\/uploads\/2020\/11\/2-768x1086.jpg 768w, http:\/\/www.liberabg.it\/l\/wp-content\/uploads\/2020\/11\/2-1086x1536.jpg 1086w, http:\/\/www.liberabg.it\/l\/wp-content\/uploads\/2020\/11\/2-141x200.jpg 141w, http:\/\/www.liberabg.it\/l\/wp-content\/uploads\/2020\/11\/2.jpg 1414w\" sizes=\"(max-width: 405px) 100vw, 405px\" \/><\/figure>\n\n\n\n<p><\/p>\n\n\n\n<p><a rel=\"noreferrer noopener\" href=\"http:\/\/www.liberabg.it\/l\/wp-content\/uploads\/2020\/11\/settimana-della-memoria-2020-1.pdf\" target=\"_blank\">Link al volantino<\/a><\/p>\n","protected":false},"excerpt":{"rendered":"<p>Contro le Mafie al Nord: la &#8220;Settimana della Memoria&#8221; in ricordo di Gaetano Giordano e Rita Atria. Continuare a ricordare oggi le vittime delle mafie \u00e8 sempre pi\u00f9 interrogarci sul volto che la criminalit\u00e0 organizzata assume oggi nei nostri territori: come si trasforma, come cerca di conquistare terreno in ambito &hellip;<\/p>\n","protected":false},"author":4,"featured_media":0,"comment_status":"closed","ping_status":"open","sticky":false,"template":"","format":"link","meta":{"jetpack_post_was_ever_published":false,"_jetpack_newsletter_access":"","_jetpack_dont_email_post_to_subs":false,"_jetpack_newsletter_tier_id":0,"_jetpack_memberships_contains_paywalled_content":false,"_jetpack_memberships_contains_paid_content":false,"footnotes":"","jetpack_publicize_message":"","jetpack_publicize_feature_enabled":true,"jetpack_social_post_already_shared":true,"jetpack_social_options":{"image_generator_settings":{"template":"highway","default_image_id":0,"font":"","enabled":false},"version":2}},"categories":[14],"tags":[],"class_list":["post-1348","post","type-post","status-publish","format-link","hentry","category-eventi","post_format-post-format-link"],"jetpack_publicize_connections":[],"jetpack_featured_media_url":"","jetpack_sharing_enabled":true,"jetpack_shortlink":"https:\/\/wp.me\/p7YFQD-lK","_links":{"self":[{"href":"http:\/\/www.liberabg.it\/index.php\/wp-json\/wp\/v2\/posts\/1348","targetHints":{"allow":["GET"]}}],"collection":[{"href":"http:\/\/www.liberabg.it\/index.php\/wp-json\/wp\/v2\/posts"}],"about":[{"href":"http:\/\/www.liberabg.it\/index.php\/wp-json\/wp\/v2\/types\/post"}],"author":[{"embeddable":true,"href":"http:\/\/www.liberabg.it\/index.php\/wp-json\/wp\/v2\/users\/4"}],"replies":[{"embeddable":true,"href":"http:\/\/www.liberabg.it\/index.php\/wp-json\/wp\/v2\/comments?post=1348"}],"version-history":[{"count":7,"href":"http:\/\/www.liberabg.it\/index.php\/wp-json\/wp\/v2\/posts\/1348\/revisions"}],"predecessor-version":[{"id":1362,"href":"http:\/\/www.liberabg.it\/index.php\/wp-json\/wp\/v2\/posts\/1348\/revisions\/1362"}],"wp:attachment":[{"href":"http:\/\/www.liberabg.it\/index.php\/wp-json\/wp\/v2\/media?parent=1348"}],"wp:term":[{"taxonomy":"category","embeddable":true,"href":"http:\/\/www.liberabg.it\/index.php\/wp-json\/wp\/v2\/categories?post=1348"},{"taxonomy":"post_tag","embeddable":true,"href":"http:\/\/www.liberabg.it\/index.php\/wp-json\/wp\/v2\/tags?post=1348"}],"curies":[{"name":"wp","href":"https:\/\/api.w.org\/{rel}","templated":true}]}}