{"id":1104,"date":"2019-04-27T19:23:52","date_gmt":"2019-04-27T17:23:52","guid":{"rendered":"http:\/\/www.liberabg.it\/?p=1104"},"modified":"2019-04-27T19:25:06","modified_gmt":"2019-04-27T17:25:06","slug":"il-voto-europeo-e-amministrativo-2019-porta-la-pace","status":"publish","type":"post","link":"http:\/\/www.liberabg.it\/index.php\/2019\/04\/il-voto-europeo-e-amministrativo-2019-porta-la-pace\/","title":{"rendered":"IL VOTO EUROPEO E AMMINISTRATIVO 2019, \u201cPORTA LA PACE\u201d"},"content":{"rendered":"\n<p>Due appelli ai Candidati (e ai Cittadini) per la costruzione di una societ\u00e0 pacifica e non violenta.<br><\/p>\n\n\n\n<p>Aprile\/Maggio 2019.<\/p>\n\n\n\n<p><br> Due appelli, due documenti, uno per le elezioni europee e uno per il voto amministrativo, riassumono in poche righe quelle che la Rete della Pace di Bergamo (a cui LiBERA Bergamo aderisce) e il Coordinamento Provinciale bergamasco degli Enti Locali per la Pace e i Diritti Umani considerano questioni cruciali da segnalare ai candidati alle prossime elezioni.<\/p>\n\n\n\n<p><br> Si tratta, per\u00f2, anche di due inviti rivolti a tutti i cittadini, perch\u00e9 il loro voto sia consapevole, reale e concreto, perch\u00e9 solo se tutti siamo partecipi della vita politica la situazione potr\u00e0 davvero cominciare a cambiare.<\/p>\n\n\n\n<p><br> I promotori dell\u2019iniziativa \u201cPorta la pace\u201d sono la Rete della Pace di Bergamo (attualmente composta da: ACLI, ALILO\u2019, Amandla, Arci, Auser, Caritas Diocesana Bergamasca, CGIL, CISL, Cooperativa Ruah, Donne in Nero, LiBERA, Ufficio Pastorale Sociale e del Lavoro, UPF) e il Coordinamento Provinciale bergamasco degli Enti Locali per la Pace e i Diritti Umani, nato nel 2006 per riunire i Comuni della Provincia di Bergamo attenti ai temi di Pace, Libert\u00e0 e Uguaglianza. Al momento gli enti aderenti sono: Bergamo, Casazza, Costa di Mezzate, Curno, Montello, Nembro, Pradalunga, Predore, Ranica, Scanzorosciate, Sotto il Monte Giovanni XXIII, San Paolo d\u2019Argon, Villa d\u2019Ogna, Provincia di Bergamo.<\/p>\n\n\n\n<p><\/p>\n\n\n\n<p>Per i candidati alle elezioni europee: <a href=\"http:\/\/www.liberabg.it\/l\/wp-content\/uploads\/2019\/04\/PER-I-CANDIDATI-ALLE-ELEZIONI-EUROPEE.pdf\" target=\"_blank\" rel=\"noreferrer noopener\" aria-label=\"link (opens in a new tab)\">link<\/a><\/p>\n\n\n\n<p>Per i candidati alle elezioni amministrative comunali: <a href=\"http:\/\/www.liberabg.it\/l\/wp-content\/uploads\/2019\/04\/PER-I-CANDIDATI-ALLE-ELEZIONI-AMMINISTRATIVE-COMUNALI.pdf\" target=\"_blank\" rel=\"noreferrer noopener\" aria-label=\"link (opens in a new tab)\">link<\/a><\/p>\n","protected":false},"excerpt":{"rendered":"<p>Due appelli ai Candidati (e ai Cittadini) per la costruzione di una societ\u00e0 pacifica e non violenta. Aprile\/Maggio 2019. Due appelli, due documenti, uno per le elezioni europee e uno per il voto amministrativo, riassumono in poche righe quelle che la Rete della Pace di Bergamo (a cui LiBERA Bergamo &hellip;<\/p>\n","protected":false},"author":4,"featured_media":0,"comment_status":"closed","ping_status":"open","sticky":false,"template":"","format":"standard","meta":{"jetpack_post_was_ever_published":false,"_jetpack_newsletter_access":"","_jetpack_dont_email_post_to_subs":false,"_jetpack_newsletter_tier_id":0,"_jetpack_memberships_contains_paywalled_content":false,"_jetpack_memberships_contains_paid_content":false,"footnotes":"","jetpack_publicize_message":"","jetpack_publicize_feature_enabled":true,"jetpack_social_post_already_shared":true,"jetpack_social_options":{"image_generator_settings":{"template":"highway","default_image_id":0,"font":"","enabled":false},"version":2}},"categories":[13],"tags":[],"class_list":["post-1104","post","type-post","status-publish","format-standard","hentry","category-libera-informazione"],"jetpack_publicize_connections":[],"jetpack_featured_media_url":"","jetpack_sharing_enabled":true,"jetpack_shortlink":"https:\/\/wp.me\/p7YFQD-hO","_links":{"self":[{"href":"http:\/\/www.liberabg.it\/index.php\/wp-json\/wp\/v2\/posts\/1104","targetHints":{"allow":["GET"]}}],"collection":[{"href":"http:\/\/www.liberabg.it\/index.php\/wp-json\/wp\/v2\/posts"}],"about":[{"href":"http:\/\/www.liberabg.it\/index.php\/wp-json\/wp\/v2\/types\/post"}],"author":[{"embeddable":true,"href":"http:\/\/www.liberabg.it\/index.php\/wp-json\/wp\/v2\/users\/4"}],"replies":[{"embeddable":true,"href":"http:\/\/www.liberabg.it\/index.php\/wp-json\/wp\/v2\/comments?post=1104"}],"version-history":[{"count":3,"href":"http:\/\/www.liberabg.it\/index.php\/wp-json\/wp\/v2\/posts\/1104\/revisions"}],"predecessor-version":[{"id":1109,"href":"http:\/\/www.liberabg.it\/index.php\/wp-json\/wp\/v2\/posts\/1104\/revisions\/1109"}],"wp:attachment":[{"href":"http:\/\/www.liberabg.it\/index.php\/wp-json\/wp\/v2\/media?parent=1104"}],"wp:term":[{"taxonomy":"category","embeddable":true,"href":"http:\/\/www.liberabg.it\/index.php\/wp-json\/wp\/v2\/categories?post=1104"},{"taxonomy":"post_tag","embeddable":true,"href":"http:\/\/www.liberabg.it\/index.php\/wp-json\/wp\/v2\/tags?post=1104"}],"curies":[{"name":"wp","href":"https:\/\/api.w.org\/{rel}","templated":true}]}}